{"id":15631,"date":"2023-09-12T14:19:30","date_gmt":"2023-09-12T11:19:30","guid":{"rendered":"https:\/\/akdenizhaber.com.tr\/?p=15631"},"modified":"2023-09-12T14:19:31","modified_gmt":"2023-09-12T11:19:31","slug":"dosemealtinda-asfalt-calismalari-hiz-kesmiyor","status":"publish","type":"post","link":"https:\/\/akdenizhaber.com.tr\/index.php\/2023\/09\/12\/dosemealtinda-asfalt-calismalari-hiz-kesmiyor\/","title":{"rendered":"D\u00f6\u015femealt\u0131\u2019nda asfalt \u00e7al\u0131\u015fmalar\u0131 h\u0131z kesmiyor"},"content":{"rendered":"\n<p><\/p>\n\n\n\n<p>D\u00f6\u015femealt\u0131 Belediyesi Fen \u0130\u015fleri M\u00fcd\u00fcrl\u00fc\u011f\u00fc ekipleri il\u00e7ede s\u0131cak asfalt \u00e7al\u0131\u015fmalar\u0131na h\u0131z kesmeden devam ediyor. Ba\u015fkan Turgay Gen\u00e7 d\u00f6neminde tarihinin en b\u00fcy\u00fck yat\u0131r\u0131mlar\u0131n\u0131 alan ve 1 milyon 200 bin metrekarenin \u00fczerinde s\u0131cak asfalt d\u00f6k\u00fclen il\u00e7ede altyap\u0131s\u0131 tamamlanan yollarda s\u0131cak asfalt serim \u00e7al\u0131\u015fmalar\u0131 devam ediyor. \u00c7\u0131\u011fl\u0131k Ayanlar Mahallesinde serme ve s\u0131k\u0131\u015ft\u0131rma i\u015flemleri tamamlanan yollara s\u0131cak asfalt d\u00f6ken belediye ekipleri il\u00e7enin d\u00f6rt bir yan\u0131nda \u00e7al\u0131\u015fmalar yap\u0131yor.<\/p>\n\n\n\n<p>\u0130mar planlar\u0131nda olmas\u0131na ra\u011fmen a\u00e7\u0131lmayan yollar\u0131n a\u00e7\u0131lmas\u0131, \u00f6zellikle yerle\u015fimin yo\u011fun oldu\u011fu b\u00f6lgeler ile altyap\u0131s\u0131 tamamlanan cadde ve sokaklarda s\u0131cak asfalt serimine devam eden Fen \u0130\u015fleri M\u00fcd\u00fcrl\u00fc\u011f\u00fc ekipleri bozulan yollarda ise yama asfalt yaparak vatanda\u015f\u0131n hizmetine sunuyor. Fen \u0130\u015fleri M\u00fcd\u00fcrl\u00fc\u011f\u00fc ekipleri D\u00f6\u015femealt\u0131&#8217;nda y\u0131l sonuna kadar 150 bin metrekare s\u0131cak asfalt ile 50 bin metrekare yama asfalt daha yap\u0131laca\u011f\u0131n\u0131n m\u00fcjdesini verdi.<\/p>\n\n\n\n<p>D\u00f6\u015femealt\u0131 Belediye Ba\u015fkan\u0131 Turgay Gen\u00e7, g\u00f6reve geldikleri g\u00fcnden bu g\u00fcne kadar 1 milyon 120 bin metrekare s\u0131cak asfalt d\u00f6kt\u00fcklerini s\u00f6ylerken, \u201cY\u0131l sonuna kadar bu rakam 1,5 milyon metrekareye ula\u015facak. Ekiplerimiz ayn\u0131 anda birka\u00e7 farkl\u0131 yerde serme s\u0131k\u0131\u015ft\u0131rma ve s\u0131cak asfalt serimi ger\u00e7ekle\u015ftiriyor. Yine parke yollar\u0131n yap\u0131m\u0131 ile bozulan yollardaki onar\u0131mlar da h\u0131z kesmeden s\u00fcrecek\u201d diye konu\u015ftu. Ba\u015fkan Gen\u00e7 s\u0131cak asfalt\u0131n \u00c7\u0131\u011fl\u0131k Mahallesi sakinlerine hay\u0131rl\u0131 olmas\u0131n\u0131 diledi.<\/p>\n\n\n\n<p>D\u00f6\u015femealt\u0131 Belediyesi \/ B\u00fclten<\/p>\n","protected":false},"excerpt":{"rendered":"<p>D\u00f6\u015femealt\u0131 Belediyesi Fen \u0130\u015fleri M\u00fcd\u00fcrl\u00fc\u011f\u00fc ekipleri il\u00e7ede s\u0131cak asfalt \u00e7al\u0131\u015fmalar\u0131na h\u0131z kesmeden devam ediyor. Ba\u015fkan Turgay Gen\u00e7 d\u00f6neminde tarihinin en b\u00fcy\u00fck yat\u0131r\u0131mlar\u0131n\u0131 alan ve 1 <a href=\"https:\/\/akdenizhaber.com.tr\/index.php\/2023\/09\/12\/dosemealtinda-asfalt-calismalari-hiz-kesmiyor\/\" class=\"read-more-link\">[more&#8230;]<\/a><\/p>\n","protected":false},"author":2,"featured_media":15632,"comment_status":"open","ping_status":"open","sticky":false,"template":"","format":"standard","meta":{"footnotes":""},"categories":[2],"tags":[],"class_list":["post-15631","post","type-post","status-publish","format-standard","has-post-thumbnail","hentry","category-gundem"],"_links":{"self":[{"href":"https:\/\/akdenizhaber.com.tr\/index.php\/wp-json\/wp\/v2\/posts\/15631","targetHints":{"allow":["GET"]}}],"collection":[{"href":"https:\/\/akdenizhaber.com.tr\/index.php\/wp-json\/wp\/v2\/posts"}],"about":[{"href":"https:\/\/akdenizhaber.com.tr\/index.php\/wp-json\/wp\/v2\/types\/post"}],"author":[{"embeddable":true,"href":"https:\/\/akdenizhaber.com.tr\/index.php\/wp-json\/wp\/v2\/users\/2"}],"replies":[{"embeddable":true,"href":"https:\/\/akdenizhaber.com.tr\/index.php\/wp-json\/wp\/v2\/comments?post=15631"}],"version-history":[{"count":0,"href":"https:\/\/akdenizhaber.com.tr\/index.php\/wp-json\/wp\/v2\/posts\/15631\/revisions"}],"wp:featuredmedia":[{"embeddable":true,"href":"https:\/\/akdenizhaber.com.tr\/index.php\/wp-json\/wp\/v2\/media\/15632"}],"wp:attachment":[{"href":"https:\/\/akdenizhaber.com.tr\/index.php\/wp-json\/wp\/v2\/media?parent=15631"}],"wp:term":[{"taxonomy":"category","embeddable":true,"href":"https:\/\/akdenizhaber.com.tr\/index.php\/wp-json\/wp\/v2\/categories?post=15631"},{"taxonomy":"post_tag","embeddable":true,"href":"https:\/\/akdenizhaber.com.tr\/index.php\/wp-json\/wp\/v2\/tags?post=15631"}],"curies":[{"name":"wp","href":"https:\/\/api.w.org\/{rel}","templated":true}]}}