{"id":15628,"date":"2023-09-12T14:18:56","date_gmt":"2023-09-12T11:18:56","guid":{"rendered":"https:\/\/akdenizhaber.com.tr\/?p=15628"},"modified":"2023-09-12T14:18:56","modified_gmt":"2023-09-12T11:18:56","slug":"cubukbeli-senliklerinde-buyuk-cosku","status":"publish","type":"post","link":"https:\/\/akdenizhaber.com.tr\/index.php\/2023\/09\/12\/cubukbeli-senliklerinde-buyuk-cosku\/","title":{"rendered":"\u00c7ubukbeli \u015eenlikleri\u2019nde b\u00fcy\u00fck co\u015fku"},"content":{"rendered":"\n<p><\/p>\n\n\n\n<p>D\u00f6\u015femealt\u0131 Belediyesi taraf\u0131ndan d\u00fczenlenen 17&#8217;nci \u00c7ubukbeli \u015eenliklerinde b\u00fcy\u00fck co\u015fku ya\u015fand\u0131. \u00c7ocuklar i\u00e7in g\u00fcn boyu etkinlik ve oyun alanlar\u0131 kurulurken, ak\u015famda Tolga Sa\u011f ve Emre Day\u0131o\u011flu verdikleri konserle unutulmaz bir gece ya\u015fatt\u0131. \u0130l\u00e7enin tarihi-k\u00fclt\u00fcrel de\u011ferlerine sahip \u00e7\u0131kmak, b\u00f6lgenin kalk\u0131nmas\u0131n\u0131 ve tan\u0131nmas\u0131n\u0131 sa\u011flamak i\u00e7in yat\u0131r\u0131mlar\u0131n yan\u0131 s\u0131ra \u015fenlikler d\u00fczenlenen D\u00f6\u015femealt\u0131 Belediyesi \u00c7ubukbeli \u015eenliklerinde de binlerce ki\u015fiyi bir araya getirdi.<\/p>\n\n\n\n<p>D\u00f6\u015femealt\u0131 Belediye Ba\u015fkan\u0131 Turgay Gen\u00e7&#8217;in ev sahipli\u011finde Da\u011fbeli Mahallesi&#8217;nde d\u00fczenlenen \u015fenliklere, Belediye Ba\u015fkan Yard\u0131mc\u0131lar\u0131, Antalya B\u00fcy\u00fck\u015fehir Belediyesi Ba\u015fkanvekili Muthat Aras, CHP D\u00f6\u015femealt\u0131 \u0130ll\u00e7e Ba\u015fkan\u0131 Veli \u00c7ot, Siyasi partil temsilcileri, Sivil Toplum \u00d6rg\u00fct\u00fc Temsilcileri, Mahalle Muhtarlar\u0131 ve \u00e7ok say\u0131da vatanda\u015f kat\u0131ld\u0131. Antalya&#8217;n\u0131n en \u00f6nemli t\u00fcrk\u00fclerinden olan ve hemen herkesin bildi\u011fi me\u015fhur \u00c7ubuk Beli t\u00fcrk\u00fcs\u00fcnden de ad\u0131n\u0131 alan \u00c7ubuk Beli \u015eenliklerinin uzun aradan sonra yeniden yap\u0131lmas\u0131 mahalle sakinlerini sevindirdi.<\/p>\n\n\n\n<p>Da\u011fbeli Mahallesi Kent Meydan\u0131nda d\u00fczenlenen \u00c7ubukbeli \u015eenlikleri i\u00e7in hem cadde ve sokaklar, hemde meydan Atat\u00fcrk posterleri ve T\u00fcrk Bayraklar\u0131yla s\u00fcslendi. \u00c7ocuklar i\u00e7in Transformers robotlar ve sevilen \u00e7izgi film kahramanlar\u0131ndan olu\u015fan karakterler g\u00fcn boyu \u00e7ocuklar\u0131 e\u011flendirdi. Y\u00f6resel pi\u015fi ve dondurma ikramlar\u0131n\u0131n yap\u0131ld\u0131\u011f\u0131 \u015fenliklerde ak\u015fam ise konser alan\u0131 h\u0131nca h\u0131n\u00e7 doldu. \u0130lk olarak Emre Day\u0131o\u011flu sahne al\u0131rken, daha sonra Tolga Sa\u011f sevilen t\u00fcrk\u00fclerini seslendirdi.<\/p>\n\n\n\n<p>Belediye Ba\u015fkan\u0131 Turgay Gen\u00e7 \u015fenliklere kat\u0131lan herkese te\u015fekk\u00fcr ederek, \u201c\u0130l\u00e7emizin tarihi ve k\u00fclt\u00fcrel zenginliklerini ya\u015fatmak il\u00e7emizin tan\u0131n\u0131rl\u0131\u011f\u0131n\u0131 art\u0131rmak ve yine geleneklerimizi s\u00fcrd\u00fcrmek i\u00e7in yat\u0131r\u0131mlar\u0131m\u0131z\u0131n yan\u0131 s\u0131ra \u015fenliklerimizi de yapmaya devam ediyoruz. Pandemi nedeniyle uzun s\u00fcredir yapamad\u0131\u011f\u0131m\u0131z \u015eenliklerimizi ayn\u0131 co\u015fkuyla yeniden ba\u015flad\u0131k. Badema\u011fac\u0131 Badem \u015eenlikleri, Karabay\u0131r Yayla \u015eenlikleri, Da\u011fbeli \u00c7ubukbeli \u015eenlikleri ve D\u00f6\u015femealt\u0131 Nar \u015eenlikleriyle il\u00e7emizin k\u00fclt\u00fcrel zenginliklerine sahip \u00e7\u0131kmay\u0131 s\u00fcrd\u00fcrece\u011fiz\u201d dedi.<\/p>\n\n\n\n<p>D\u00f6\u015femealt\u0131 Belediyesi \/ B\u00fclten<\/p>\n\n\n\n<p><a href=\"http:\/\/www.dosemealti.bel.tr\/Resim\/Fotogaleri\/Buyuk\/fotogaleri1571863541.jpg\"><\/a><\/p>\n\n\n\n<p><a href=\"http:\/\/www.dosemealti.bel.tr\/Resim\/Fotogaleri\/Buyuk\/fotogaleri15719b1cd4.jpg\"><\/a><\/p>\n\n\n\n<p><a href=\"http:\/\/www.dosemealti.bel.tr\/Resim\/Fotogaleri\/Buyuk\/fotogaleri1572073d79.jpg\"><\/a><\/p>\n\n\n\n<p><a href=\"http:\/\/www.dosemealti.bel.tr\/Resim\/Fotogaleri\/Buyuk\/fotogaleri15721fe5ce.jpg\"><br><\/a><\/p>\n","protected":false},"excerpt":{"rendered":"<p>D\u00f6\u015femealt\u0131 Belediyesi taraf\u0131ndan d\u00fczenlenen 17&#8217;nci \u00c7ubukbeli \u015eenliklerinde b\u00fcy\u00fck co\u015fku ya\u015fand\u0131. \u00c7ocuklar i\u00e7in g\u00fcn boyu etkinlik ve oyun alanlar\u0131 kurulurken, ak\u015famda Tolga Sa\u011f ve Emre Day\u0131o\u011flu <a href=\"https:\/\/akdenizhaber.com.tr\/index.php\/2023\/09\/12\/cubukbeli-senliklerinde-buyuk-cosku\/\" class=\"read-more-link\">[more&#8230;]<\/a><\/p>\n","protected":false},"author":2,"featured_media":15629,"comment_status":"open","ping_status":"open","sticky":false,"template":"","format":"standard","meta":{"footnotes":""},"categories":[2],"tags":[],"class_list":["post-15628","post","type-post","status-publish","format-standard","has-post-thumbnail","hentry","category-gundem"],"_links":{"self":[{"href":"https:\/\/akdenizhaber.com.tr\/index.php\/wp-json\/wp\/v2\/posts\/15628","targetHints":{"allow":["GET"]}}],"collection":[{"href":"https:\/\/akdenizhaber.com.tr\/index.php\/wp-json\/wp\/v2\/posts"}],"about":[{"href":"https:\/\/akdenizhaber.com.tr\/index.php\/wp-json\/wp\/v2\/types\/post"}],"author":[{"embeddable":true,"href":"https:\/\/akdenizhaber.com.tr\/index.php\/wp-json\/wp\/v2\/users\/2"}],"replies":[{"embeddable":true,"href":"https:\/\/akdenizhaber.com.tr\/index.php\/wp-json\/wp\/v2\/comments?post=15628"}],"version-history":[{"count":0,"href":"https:\/\/akdenizhaber.com.tr\/index.php\/wp-json\/wp\/v2\/posts\/15628\/revisions"}],"wp:featuredmedia":[{"embeddable":true,"href":"https:\/\/akdenizhaber.com.tr\/index.php\/wp-json\/wp\/v2\/media\/15629"}],"wp:attachment":[{"href":"https:\/\/akdenizhaber.com.tr\/index.php\/wp-json\/wp\/v2\/media?parent=15628"}],"wp:term":[{"taxonomy":"category","embeddable":true,"href":"https:\/\/akdenizhaber.com.tr\/index.php\/wp-json\/wp\/v2\/categories?post=15628"},{"taxonomy":"post_tag","embeddable":true,"href":"https:\/\/akdenizhaber.com.tr\/index.php\/wp-json\/wp\/v2\/tags?post=15628"}],"curies":[{"name":"wp","href":"https:\/\/api.w.org\/{rel}","templated":true}]}}