{"id":15625,"date":"2023-09-12T14:18:23","date_gmt":"2023-09-12T11:18:23","guid":{"rendered":"https:\/\/akdenizhaber.com.tr\/?p=15625"},"modified":"2023-09-12T14:18:24","modified_gmt":"2023-09-12T11:18:24","slug":"akkok-holding-toplum-gonulluleri-vakfi-tog-ile-destek-merkezi-kurdu","status":"publish","type":"post","link":"https:\/\/akdenizhaber.com.tr\/index.php\/2023\/09\/12\/akkok-holding-toplum-gonulluleri-vakfi-tog-ile-destek-merkezi-kurdu\/","title":{"rendered":"Akk\u00f6k Holding, Toplum G\u00f6n\u00fcll\u00fcleri Vakf\u0131 (TOG) ile Destek Merkezi kurdu"},"content":{"rendered":"\n<p><\/p>\n\n\n\n<p><strong>Akk\u00f6k, <\/strong><strong>Toplum G\u00f6n\u00fcll\u00fcleri Vakf\u0131 (TOG) i\u015f birli\u011fiyle \u0130skenderun\u2019da depremden etkilenenlere y\u00f6nelik Destek Merkezi kurdu. Depremden etkilenen \u00e7ocuklar\u0131 ve gen\u00e7leri, \u00f6zel olarak tasarlanm\u0131\u015f at\u00f6lyelerde bir araya getirecek proje ile 6-23 ya\u015f grubundaki \u00e7ocuk ve gen\u00e7lerin afet sonras\u0131 ya\u015fad\u0131klar\u0131 travmalar\u0131n azalt\u0131lmas\u0131 ve e\u011fitim, sosyal ya\u015fam, e\u011flence gibi temel ihtiya\u00e7lara ula\u015fmalar\u0131 hedefleniyor.<\/strong><\/p>\n\n\n\n<p>Akk\u00f6k Holding,Toplum G\u00f6n\u00fcll\u00fcleri Vakf\u0131 (TOG) i\u015f birli\u011fi ile 6 \u015eubat\u2019ta ya\u015fanan depremin yaralar\u0131n\u0131 sarmak i\u00e7in \u0130skenderun\u2019da kurdu\u011fu destek merkezi ile en az 2 y\u0131l boyunca \u00e7ocuk, ergen ve gen\u00e7lere sosyal ve duygusal destek programlar\u0131 ba\u015flat\u0131yor. Merkezde depremden etkilen \u00e7ocuklar ve gen\u00e7ler, \u00f6zel olarak tasarlanan at\u00f6lyelerde bir araya gelecek.<\/p>\n\n\n\n<p>6-23 ya\u015f grubundaki \u00e7ocuk, ergen ve gen\u00e7lerin ya\u015fad\u0131klar\u0131 durumun \u00fcstesinden gelmeleri, ya\u015famla ili\u015fkilerini g\u00fc\u00e7lendirmeleri i\u00e7in \u00e7e\u015fitli etkinlik, at\u00f6lye ve uygulamalarla bulu\u015fturmay\u0131 ama\u00e7lad\u0131klar\u0131n\u0131 anlatan Akk\u00f6k Holding CEO\u2019su G\u00f6k\u015fin Durusoy \u201cAkk\u00f6k Holding olarak toplumsal fayda projelerinde a\u011f\u0131rl\u0131kl\u0131 olarak kad\u0131n, gen\u00e7 ve \u00e7ocuklara odaklanmaya \u00e7al\u0131\u015f\u0131yoruz. Deprem b\u00f6lgesinde de uzun d\u00f6nemli bir fayda projesi tasarlarken bu oda\u011f\u0131 kaybetmemeye dikkat ettik. Toplum G\u00f6n\u00fcll\u00fcleri Vakf\u0131 ise uzun y\u0131llard\u0131r i\u015f birli\u011fi yapt\u0131\u011f\u0131m\u0131z, gen\u00e7ler ile \u00e7ocuklar i\u00e7in \u00e7ok \u00f6nemli projeler hayata ge\u00e7iren bizim i\u00e7in \u00e7ok de\u011ferli bir proje orta\u011f\u0131\u201d dedi.<\/p>\n\n\n\n<p>E\u011fitim, sa\u011fl\u0131k, istismar ve ihlalden korunma ve ya\u015fam hakk\u0131 gibi temel haklar\u0131n sa\u011flanmas\u0131yla birlikte deprem sonras\u0131 travmalar\u0131n azalt\u0131lmas\u0131 i\u00e7in uzun soluklu \u00e7al\u0131\u015fmalar\u0131n ba\u015flat\u0131lmas\u0131 gerekti\u011finin alt\u0131n\u0131 \u00e7izen Durusoy, \u201cBirlikte iyi olma s\u00fcrecini kolayla\u015ft\u0131rmak istiyoruz. Merkezimizin kap\u0131s\u0131 ba\u015fta \u00e7ocuk ve gen\u00e7lerimiz olmak \u00fczere afetten etkilenen toplumun her kesimi i\u00e7in a\u00e7\u0131k olacakt\u0131r\u201d diyerek s\u00f6zlerini s\u00fcrd\u00fcrd\u00fc.<\/p>\n\n\n\n<p><strong>\u2018Destek merkezlerimizi art\u0131rmay\u0131 hedefliyoruz\u2019<\/strong><strong><\/strong><\/p>\n\n\n\n<p>Depremin ilk g\u00fcn\u00fcnden itibaren binlerce g\u00f6n\u00fcll\u00fc ile yard\u0131m depolar\u0131nda g\u00f6rev ald\u0131klar\u0131n\u0131 anlatan Toplum G\u00f6n\u00fcll\u00fcleri Vakf\u0131 Genel M\u00fcd\u00fcr\u00fc Ay\u015fe K\u0131r\u0131ml\u0131 ise afetin y\u0131k\u0131c\u0131 boyutu sebebiyle toparlanma s\u00fcrecinin en az iki y\u0131l olaca\u011f\u0131n\u0131 \u00f6ng\u00f6rd\u00fcklerini kaydetti. Bu sebeple dayan\u0131\u015fman\u0131n uzun soluklu, desteklerin s\u00fcrd\u00fcr\u00fclebilir olmas\u0131 gerekti\u011fine inand\u0131klar\u0131na i\u015faret eden K\u0131r\u0131ml\u0131, \u201cDestek Merkezleri fikri bu inan\u00e7la ortaya \u00e7\u0131kt\u0131<strong>.<\/strong> Afetin \u00fczerinden 7 ay ge\u00e7mesine ra\u011fmen, ihtiya\u00e7lar hala devam ediyor. TOG\u2019un afet b\u00f6lgesinde a\u00e7maya haz\u0131rland\u0131\u011f\u0131 on destek merkezinden biri de Akk\u00f6k Holding\u2019in katk\u0131lar\u0131yla hayata ge\u00e7iriliyor. K\u00fct\u00fcphanelerin ve ders \u00e7al\u0131\u015fma alanlar\u0131n\u0131n oldu\u011fu, farkl\u0131 ya\u015f gruplar\u0131na \u00f6zel at\u00f6lyelerin ger\u00e7ekle\u015ftirilece\u011fi bu merkezlerde; ba\u015fta gen\u00e7ler olmak \u00fczere \u00e7ocuklar\u0131n ve yeti\u015fkinlerin sosyalle\u015febilecekleri alanlar da yaratmay\u0131 hedefliyoruz. Dayan\u0131\u015fman\u0131n iyile\u015ftirici g\u00fcc\u00fcne inan\u0131yoruz. Bu sebeple destek merkezlerimizin say\u0131s\u0131n\u0131 art\u0131rarak depremden etkilenen on binlerce ki\u015fiye ula\u015fmay\u0131 hedefliyoruz. \u0130lerleyen y\u0131llarda bu merkezleri gen\u00e7lik merkezine d\u00f6n\u00fc\u015ft\u00fcrerek gen\u00e7leri g\u00fc\u00e7lendirmeye devam etmek istiyoruz.\u201d dedi.<\/p>\n\n\n\n<p><strong>U \u015feklindeki merkez t\u00fcm \u00e7ocuklar\u0131 kucaklayacak<\/strong><strong><\/strong><\/p>\n\n\n\n<p>Destek merkezi, U \u015feklinde 360 metrekarelik bir alana kuruldu. Merkezde \u00e7ocuklar\u0131n, gen\u00e7lerin ve yeti\u015fkinlerin ayn\u0131 anda kullanabilece\u011fi at\u00f6lye alanlar\u0131, ders \u00e7al\u0131\u015fabilecekleri k\u00fct\u00fcphaneler ve oyun alanlar\u0131 bulunuyor. Hali haz\u0131rda konteyner kentlerde \u00e7ocuklar\u0131n ve gen\u00e7lerin en b\u00fcy\u00fck problemi ders \u00e7al\u0131\u015facak bir alanlar\u0131n\u0131n olmamas\u0131. Merkezdeki 3 at\u00f6lye odas\u0131 ve bir de etkinlik alan\u0131 ile \u00e7ocuklar\u0131n ve gen\u00e7lerin sosyalle\u015fmesi ve kendilerine \u00f6zel bir alanlar\u0131n\u0131n olmas\u0131 hedeflendi.<\/p>\n\n\n\n<p><strong>Terc\u00fcmanlarla dil bariyerini a\u015f\u0131yoruz<\/strong><\/p>\n\n\n\n<p>Tiyatro gibi sanat etkinlikleri, ekolojik okuryazarl\u0131k, s\u00fcrd\u00fcr\u00fclebilirlik at\u00f6lyeleri, kayg\u0131 ve stresle ba\u015f etme y\u00f6ntemleri, genel sa\u011fl\u0131k e\u011fitimleri, afet y\u00f6netimi ve temel tedbirler, \u015fiddetsiz ileti\u015fim ve toplumsal cinsiyet e\u015fitli\u011fi gibi e\u011fitimler de \u00e7ocuklar ve gen\u00e7lerle bulu\u015fturuluyor. B\u00f6lgede kullan\u0131lan t\u00fcm diller \u00f6zelinde terc\u00fcman deste\u011fiyle olas\u0131 dil bariyerinin de ortadan kald\u0131r\u0131lmas\u0131n\u0131n planlad\u0131\u011f\u0131 merkezde, proje dan\u0131\u015fmanlar\u0131 daha \u00f6nce deprem\/afet tecr\u00fcbesi ya\u015fam\u0131\u015f ki\u015filer aras\u0131ndan olu\u015fturuluyor. Proje ekipleri etkinlikleri, \u00e7ocuklar\u0131n ve gen\u00e7lerin ihtiya\u00e7lar\u0131na g\u00f6re \u00f6zel olarak tasarl\u0131yor.<\/p>\n\n\n\n<p><strong>Neler yap\u0131lacak?<\/strong><\/p>\n\n\n\n<p>\u0130skenderun Destek Merkezi\u2019nde gen\u00e7ler ve \u00e7ocuklar ba\u015fta olmak \u00fczere yeti\u015fkinlere y\u00f6nelik de sosyal ve duygusal destek \u00e7al\u0131\u015fmalar\u0131 ger\u00e7ekle\u015fecek. Bu merkezlerde temel hedef; afetten etkilenen gen\u00e7lerin ve \u00e7ocuklar\u0131n, afetin yaratt\u0131\u011f\u0131 olumsuz etkilerin \u00fcstesinden gelmeleri ve iyi olma hallerine destek olmak. \u0130htiya\u00e7 duyduklar\u0131 alanlarda g\u00fc\u00e7lenmelerini sa\u011flamak. \u00c7ocuklar i\u00e7in; oyun ve \u00e7e\u015fitli ba\u015fl\u0131klarda at\u00f6lyeler, okul destek \u00e7al\u0131\u015fmalar\u0131, workshoplar, sinema ve film g\u00fcnleri. Gen\u00e7ler i\u00e7in; kariyer, e\u011fitim ve fark\u0131ndal\u0131k odakl\u0131 \u00e7e\u015fitli at\u00f6lyeler, ders \u00e7al\u0131\u015fma alanlar\u0131 ve okul destek \u00e7al\u0131\u015fmalar\u0131. Yeti\u015fkinlere y\u00f6nelik ise; toplumsal cinsiyet e\u015fitli\u011fine ili\u015fkin at\u00f6lyeler, \u00f6z bak\u0131m seminerleri, sosyal alanda g\u00fc\u00e7lendirecek e\u011fitimler d\u00fczenlenmesi planlan\u0131yor.<\/p>\n","protected":false},"excerpt":{"rendered":"<p>Akk\u00f6k, Toplum G\u00f6n\u00fcll\u00fcleri Vakf\u0131 (TOG) i\u015f birli\u011fiyle \u0130skenderun\u2019da depremden etkilenenlere y\u00f6nelik Destek Merkezi kurdu. Depremden etkilenen \u00e7ocuklar\u0131 ve gen\u00e7leri, \u00f6zel olarak tasarlanm\u0131\u015f at\u00f6lyelerde bir araya <a href=\"https:\/\/akdenizhaber.com.tr\/index.php\/2023\/09\/12\/akkok-holding-toplum-gonulluleri-vakfi-tog-ile-destek-merkezi-kurdu\/\" class=\"read-more-link\">[more&#8230;]<\/a><\/p>\n","protected":false},"author":2,"featured_media":15626,"comment_status":"open","ping_status":"open","sticky":false,"template":"","format":"standard","meta":{"footnotes":""},"categories":[2],"tags":[],"class_list":["post-15625","post","type-post","status-publish","format-standard","has-post-thumbnail","hentry","category-gundem"],"_links":{"self":[{"href":"https:\/\/akdenizhaber.com.tr\/index.php\/wp-json\/wp\/v2\/posts\/15625","targetHints":{"allow":["GET"]}}],"collection":[{"href":"https:\/\/akdenizhaber.com.tr\/index.php\/wp-json\/wp\/v2\/posts"}],"about":[{"href":"https:\/\/akdenizhaber.com.tr\/index.php\/wp-json\/wp\/v2\/types\/post"}],"author":[{"embeddable":true,"href":"https:\/\/akdenizhaber.com.tr\/index.php\/wp-json\/wp\/v2\/users\/2"}],"replies":[{"embeddable":true,"href":"https:\/\/akdenizhaber.com.tr\/index.php\/wp-json\/wp\/v2\/comments?post=15625"}],"version-history":[{"count":0,"href":"https:\/\/akdenizhaber.com.tr\/index.php\/wp-json\/wp\/v2\/posts\/15625\/revisions"}],"wp:featuredmedia":[{"embeddable":true,"href":"https:\/\/akdenizhaber.com.tr\/index.php\/wp-json\/wp\/v2\/media\/15626"}],"wp:attachment":[{"href":"https:\/\/akdenizhaber.com.tr\/index.php\/wp-json\/wp\/v2\/media?parent=15625"}],"wp:term":[{"taxonomy":"category","embeddable":true,"href":"https:\/\/akdenizhaber.com.tr\/index.php\/wp-json\/wp\/v2\/categories?post=15625"},{"taxonomy":"post_tag","embeddable":true,"href":"https:\/\/akdenizhaber.com.tr\/index.php\/wp-json\/wp\/v2\/tags?post=15625"}],"curies":[{"name":"wp","href":"https:\/\/api.w.org\/{rel}","templated":true}]}}