{"id":15610,"date":"2023-09-12T14:06:09","date_gmt":"2023-09-12T11:06:09","guid":{"rendered":"https:\/\/akdenizhaber.com.tr\/?p=15610"},"modified":"2023-09-12T14:06:10","modified_gmt":"2023-09-12T11:06:10","slug":"muratpasa-ve-zigetvar-kardes-kent-oldu","status":"publish","type":"post","link":"https:\/\/akdenizhaber.com.tr\/index.php\/2023\/09\/12\/muratpasa-ve-zigetvar-kardes-kent-oldu\/","title":{"rendered":"Muratpa\u015fa ve Zigetvar karde\u015f kent oldu"},"content":{"rendered":"\n<p><\/p>\n\n\n\n<p>Antalya Muratpa\u015fa Belediyesi ve Kanuni Sultan S\u00fcleyman\u2019\u0131n son seferini ger\u00e7ekle\u015ftirdi\u011fi Macaristan\u2019\u0131n Zigetvar Belediyesi \u2018karde\u015f kent\u2019 oldu. Belediye ba\u015fkanlar\u0131 \u00dcmit Uysal ve Peter Vass aras\u0131nda protokol, Zrinyi G\u00fcnlerinde imzaland\u0131.<\/p>\n\n\n\n<p>Ba\u015fkan Uysal, Muratpa\u015fa Belediyesi\u2019nin d\u00fczenlendi\u011fi Uluslararas\u0131 Kalei\u00e7i Old Town Festivali\u2019nin kat\u0131l\u0131mc\u0131 \u015fehirleri aras\u0131nda yer alan Macaristan\u2019\u0131n Zigetvar \u015fehrinde bu y\u0131l 191\u2019incisi d\u00fczenlenen Zrinyi G\u00fcnlerine kat\u0131ld\u0131. T\u00fcrkiye\u2019nin farkl\u0131 \u015fehirlerden heyetlerin de yer ald\u0131\u011f\u0131 ve 7-10 Eyl\u00fcl tarihleri aras\u0131nda d\u00fczenlenen etkinlikte, Muratpa\u015fa ve Zigetvar aras\u0131nda karde\u015f kent protokol\u00fc imzaland\u0131.<br><br>Protokol imza t\u00f6reni, Zigetvar Belediye Meclis binas\u0131nda ger\u00e7ekle\u015fti. Belediye ba\u015fkanlar\u0131 \u00dcmit Uysal ve Peter Vass\u2019\u0131n imzalad\u0131\u011f\u0131 protokolle, Osmanl\u0131 \u0130mparatorlu\u011fu\u2019na en parlak d\u00f6nemini ya\u015fatan Padi\u015fah Kanuni Sultan S\u00fcleyman\u2019\u0131n son seferini ger\u00e7ekle\u015ftirdi\u011fi Zigetvar ve Muratpa\u015fa belediyeleri tarihi ve k\u00fclt\u00fcrel geleneklerin canland\u0131r\u0131lmas\u0131, turizm, k\u00fclt\u00fcrel miras\u0131n korunmas\u0131 gibi ba\u015fl\u0131klarda ortak \u00e7al\u0131\u015fma karar\u0131 ald\u0131. Ba\u015fkan Uysal, imza t\u00f6reninde Zigetvar\u2019la ortak bir ge\u00e7mi\u015f payla\u015ft\u0131klar\u0131n\u0131 belirterek, \u201cOrtak an\u0131lar gelece\u011fimiz i\u00e7in bar\u0131\u015f, karde\u015flik ve fayda \u00fcretsin\u201d dedi.<br><br>Zrinyi G\u00fcnlerinde Ba\u015fkan Uysal ayr\u0131ca, 1566&#8217;da Osmanl\u0131 \u0130mparatorlu\u011fu\u2019nun Zigetvar Ku\u015fatmas\u0131 an\u0131s\u0131na yap\u0131lan Macar-T\u00fcrk Dostluk Park\u0131\u2019nda Kanuni Sultan S\u00fcleyman\u2019\u0131n b\u00fcst\u00fcn\u00fcn de yer ald\u0131\u011f\u0131 an\u0131ta \u00e7elenk sundu.<\/p>\n\n\n\n<p>Muratpa\u015fa Belediyesi \/ B\u00fclten<\/p>\n","protected":false},"excerpt":{"rendered":"<p>Antalya Muratpa\u015fa Belediyesi ve Kanuni Sultan S\u00fcleyman\u2019\u0131n son seferini ger\u00e7ekle\u015ftirdi\u011fi Macaristan\u2019\u0131n Zigetvar Belediyesi \u2018karde\u015f kent\u2019 oldu. Belediye ba\u015fkanlar\u0131 \u00dcmit Uysal ve Peter Vass aras\u0131nda protokol, <a href=\"https:\/\/akdenizhaber.com.tr\/index.php\/2023\/09\/12\/muratpasa-ve-zigetvar-kardes-kent-oldu\/\" class=\"read-more-link\">[more&#8230;]<\/a><\/p>\n","protected":false},"author":2,"featured_media":15611,"comment_status":"open","ping_status":"open","sticky":false,"template":"","format":"standard","meta":{"footnotes":""},"categories":[2],"tags":[],"class_list":["post-15610","post","type-post","status-publish","format-standard","has-post-thumbnail","hentry","category-gundem"],"_links":{"self":[{"href":"https:\/\/akdenizhaber.com.tr\/index.php\/wp-json\/wp\/v2\/posts\/15610","targetHints":{"allow":["GET"]}}],"collection":[{"href":"https:\/\/akdenizhaber.com.tr\/index.php\/wp-json\/wp\/v2\/posts"}],"about":[{"href":"https:\/\/akdenizhaber.com.tr\/index.php\/wp-json\/wp\/v2\/types\/post"}],"author":[{"embeddable":true,"href":"https:\/\/akdenizhaber.com.tr\/index.php\/wp-json\/wp\/v2\/users\/2"}],"replies":[{"embeddable":true,"href":"https:\/\/akdenizhaber.com.tr\/index.php\/wp-json\/wp\/v2\/comments?post=15610"}],"version-history":[{"count":0,"href":"https:\/\/akdenizhaber.com.tr\/index.php\/wp-json\/wp\/v2\/posts\/15610\/revisions"}],"wp:featuredmedia":[{"embeddable":true,"href":"https:\/\/akdenizhaber.com.tr\/index.php\/wp-json\/wp\/v2\/media\/15611"}],"wp:attachment":[{"href":"https:\/\/akdenizhaber.com.tr\/index.php\/wp-json\/wp\/v2\/media?parent=15610"}],"wp:term":[{"taxonomy":"category","embeddable":true,"href":"https:\/\/akdenizhaber.com.tr\/index.php\/wp-json\/wp\/v2\/categories?post=15610"},{"taxonomy":"post_tag","embeddable":true,"href":"https:\/\/akdenizhaber.com.tr\/index.php\/wp-json\/wp\/v2\/tags?post=15610"}],"curies":[{"name":"wp","href":"https:\/\/api.w.org\/{rel}","templated":true}]}}