{"id":15607,"date":"2023-09-12T14:04:47","date_gmt":"2023-09-12T11:04:47","guid":{"rendered":"https:\/\/akdenizhaber.com.tr\/?p=15607"},"modified":"2023-09-12T14:05:16","modified_gmt":"2023-09-12T11:05:16","slug":"konyaaltinda-renkli-sunnet-soleni","status":"publish","type":"post","link":"https:\/\/akdenizhaber.com.tr\/index.php\/2023\/09\/12\/konyaaltinda-renkli-sunnet-soleni\/","title":{"rendered":"Konyaalt\u0131\u2019nda renkli S\u00fcnnet \u015e\u00f6leni"},"content":{"rendered":"\n<p><\/p>\n\n\n\n<p><strong>Konyaalt\u0131 Belediyesi\u2019nin bu y\u0131l 26\u2019nc\u0131s\u0131n\u0131 d\u00fczenledi\u011fi Geleneksel S\u00fcnnet \u015e\u00f6leni, birbirinden renkli g\u00f6sterilere sahne oldu.<\/strong><\/p>\n\n\n\n<p>Konyaalt\u0131 Belediyesi\u2019nin her y\u0131l \u00fccretsiz bir \u015fekilde d\u00fczenledi\u011fi geleneksel S\u00fcnnet \u015e\u00f6leni, bu y\u0131l da yo\u011fun kat\u0131l\u0131mla ger\u00e7ekle\u015ftirildi. HayatPark\u2019ta d\u00fczenlenen \u015f\u00f6lende, birbirinden renkli sahne danslar\u0131 ve maskot g\u00f6sterileri ile kat\u0131l\u0131mc\u0131lar\u0131n keyifli vakit ge\u00e7irmeleri sa\u011flan\u0131rken, \u015f\u00f6lende yakla\u015f\u0131k 60 \u00e7ocuk s\u00fcnnet edildi. Etkinli\u011fe \u00e7ocuklar\u0131yla kat\u0131lan aileler, belediyenin sosyal hizmetlerinden memnun olduklar\u0131n\u0131 dile getirdi. \u00c7ocuklar ise oyun alanlar\u0131nda doyas\u0131ya e\u011flenerek \u015f\u00f6lenin keyfini \u00e7\u0131kard\u0131. Kortejle ba\u015flayan etkinlikte \u00e7ocuklarla birlikte y\u00fcr\u00fcyen Konyaalt\u0131 Belediye Ba\u015fkan\u0131 Semih Esen, \u015f\u00f6lende s\u00fcnnet olan \u00e7ocuklar\u0131 tebrik etti. \u00c7ocuklara sa\u011fl\u0131kl\u0131, huzurlu ve ba\u015far\u0131larla dolu bir gelecek dileyen Ba\u015fkan Esen, verdikleri her hizmetin, halk\u0131n ger\u00e7ek ihtiya\u00e7lar\u0131na y\u00f6nelik oldu\u011funu kaydetti. Esen konu\u015fmas\u0131ndan sonra \u00e7ocuklarla hat\u0131ra foto\u011fraf\u0131 \u00e7ekmeyi de ihmal etmedi.<\/p>\n\n\n\n<p><strong>Konyaalt\u0131 Belediyesi\/B\u00fclten<\/strong><\/p>\n","protected":false},"excerpt":{"rendered":"<p>Konyaalt\u0131 Belediyesi\u2019nin bu y\u0131l 26\u2019nc\u0131s\u0131n\u0131 d\u00fczenledi\u011fi Geleneksel S\u00fcnnet \u015e\u00f6leni, birbirinden renkli g\u00f6sterilere sahne oldu. Konyaalt\u0131 Belediyesi\u2019nin her y\u0131l \u00fccretsiz bir \u015fekilde d\u00fczenledi\u011fi geleneksel S\u00fcnnet \u015e\u00f6leni, <a href=\"https:\/\/akdenizhaber.com.tr\/index.php\/2023\/09\/12\/konyaaltinda-renkli-sunnet-soleni\/\" class=\"read-more-link\">[more&#8230;]<\/a><\/p>\n","protected":false},"author":2,"featured_media":15608,"comment_status":"open","ping_status":"open","sticky":false,"template":"","format":"standard","meta":{"footnotes":""},"categories":[2],"tags":[],"class_list":["post-15607","post","type-post","status-publish","format-standard","has-post-thumbnail","hentry","category-gundem"],"_links":{"self":[{"href":"https:\/\/akdenizhaber.com.tr\/index.php\/wp-json\/wp\/v2\/posts\/15607","targetHints":{"allow":["GET"]}}],"collection":[{"href":"https:\/\/akdenizhaber.com.tr\/index.php\/wp-json\/wp\/v2\/posts"}],"about":[{"href":"https:\/\/akdenizhaber.com.tr\/index.php\/wp-json\/wp\/v2\/types\/post"}],"author":[{"embeddable":true,"href":"https:\/\/akdenizhaber.com.tr\/index.php\/wp-json\/wp\/v2\/users\/2"}],"replies":[{"embeddable":true,"href":"https:\/\/akdenizhaber.com.tr\/index.php\/wp-json\/wp\/v2\/comments?post=15607"}],"version-history":[{"count":0,"href":"https:\/\/akdenizhaber.com.tr\/index.php\/wp-json\/wp\/v2\/posts\/15607\/revisions"}],"wp:featuredmedia":[{"embeddable":true,"href":"https:\/\/akdenizhaber.com.tr\/index.php\/wp-json\/wp\/v2\/media\/15608"}],"wp:attachment":[{"href":"https:\/\/akdenizhaber.com.tr\/index.php\/wp-json\/wp\/v2\/media?parent=15607"}],"wp:term":[{"taxonomy":"category","embeddable":true,"href":"https:\/\/akdenizhaber.com.tr\/index.php\/wp-json\/wp\/v2\/categories?post=15607"},{"taxonomy":"post_tag","embeddable":true,"href":"https:\/\/akdenizhaber.com.tr\/index.php\/wp-json\/wp\/v2\/tags?post=15607"}],"curies":[{"name":"wp","href":"https:\/\/api.w.org\/{rel}","templated":true}]}}