{"id":15604,"date":"2023-09-12T14:04:08","date_gmt":"2023-09-12T11:04:08","guid":{"rendered":"https:\/\/akdenizhaber.com.tr\/?p=15604"},"modified":"2023-09-12T14:04:09","modified_gmt":"2023-09-12T11:04:09","slug":"oyuncu-duvenci-geri-donusum-benim-icin-mutfakta-basladi","status":"publish","type":"post","link":"https:\/\/akdenizhaber.com.tr\/index.php\/2023\/09\/12\/oyuncu-duvenci-geri-donusum-benim-icin-mutfakta-basladi\/","title":{"rendered":"Oyuncu D\u00fcvenci, \u2018Geri d\u00f6n\u00fc\u015f\u00fcm benim i\u00e7in mutfakta ba\u015flad\u0131\u2019"},"content":{"rendered":"\n<p><\/p>\n\n\n\n<p><strong>Antalya\u2019da Muratpa\u015fa Belediyesi\u2019nin deste\u011fiyle d\u00fczenlenen \u2018D\u00f6n\u00fc\u015ft\u00fcren Kad\u0131nlar\u2019 bulu\u015fmas\u0131nda oyuncu Ceyda D\u00fcvenci, \u2018geri d\u00f6n\u00fc\u015f\u00fcm\u2019 kavram\u0131n\u0131n \u2018ileriye d\u00f6n\u00fc\u015f\u00fcm\u2019 olarak alg\u0131lanmas\u0131 gerekti\u011fini belirterek, \u201cBenim i\u00e7in d\u00f6n\u00fc\u015f\u00fcm mutfakta ba\u015flad\u0131\u201d dedi.<\/strong><\/p>\n\n\n\n<p>Hayat\u0131n her alan\u0131nda d\u00f6n\u00fc\u015f\u00fcm\u00fc destekleyen ve geri d\u00f6n\u00fc\u015f\u00fcm fark\u0131ndal\u0131\u011f\u0131 olu\u015fturmay\u0131 hedefleyen D\u00f6n\u00fc\u015ft\u00fcren Kad\u0131nlar Platformu&#8217;nun Ankara\u2019n\u0131n ard\u0131ndan ikinci etkinli\u011fi, Muratpa\u015fa Belediyesi\u2019nin deste\u011fiyle Antalya\u2019da d\u00fczenlendi. Akra Otel\u2019de ger\u00e7ekle\u015fen d\u00f6n\u00fc\u015ft\u00fcren kad\u0131nlar bulu\u015fmas\u0131nda, ayn\u0131 zamanda platformun kurucusu olan DG Do\u011fru Geri Kazan\u0131m CEO\u2019su Nagihan Y\u0131lmaz ve diyetisyen Elvan Odaba\u015f\u0131, geri d\u00f6n\u00fc\u015f\u00fcm sanat\u00e7\u0131s\u0131 Deniz Sa\u011fd\u0131\u00e7 ve oyuncu Ceyda D\u00fcvenci konu\u015fmac\u0131 olarak yer ald\u0131.<br><br>Muratpa\u015fa Belediyesi\u2019nin \u00c7evre, \u015eehircilik ve \u0130klim De\u011fi\u015fikli\u011fi Bakanl\u0131\u011f\u0131\u2019n\u0131n \u2018S\u0131f\u0131r At\u0131k\u2019 \u00e7al\u0131\u015fmas\u0131n\u0131n da temelini olu\u015fturan \u00c7evreci Kom\u015fu Kart projesi kapsam\u0131nda ger\u00e7ekle\u015fen bulu\u015fmada, Antalya\u2019n\u0131n i\u015f, sanat, siyaset d\u00fcnyas\u0131ndan \u00e7ok say\u0131da kad\u0131n bir araya geldi.<br><br>Etkinlikte DG Do\u011fru Geri Kazan\u0131m\u2019\u0131n at\u0131k ya\u011flar\u0131n toplanmas\u0131yla par\u00e7as\u0131 oldu\u011fu \u00c7evreci Kom\u015fu Kart hakk\u0131nda kat\u0131l\u0131mc\u0131lar bilgilendirildi. \u201cAtma, biriktir kazanal\u0131m\u201d slogan\u0131yla\u00a0Nisan 2016\u2019da ba\u015flayan projeyle\u00a0evlerde yeni kayna\u011f\u0131nda at\u0131klar\u0131n cam, ka\u011f\u0131t, plastik, metal, ya\u011f at\u0131klar\u0131 ayr\u0131\u015ft\u0131r\u0131lmas\u0131n\u0131n sa\u011fland\u0131\u011f\u0131 belirtildi. Ayr\u0131\u015ft\u0131r\u0131lan bu at\u0131klar\u0131n belli g\u00fcn ve saatte sokaktan ge\u00e7en \u00c7evreci Kom\u015fu Kart ekiplerini teslim edildi\u011fini ve bunun kar\u015f\u0131l\u0131\u011f\u0131nda projeye kat\u0131lanlara para \u00f6dendi\u011fi belirtilirken b\u00f6ylece ev ekonomisi i\u00e7in bir maddi kaynak olu\u015fturulurken geri d\u00f6n\u00fc\u015f\u00fcm\u00fcn bir al\u0131\u015fkanl\u0131k, k\u00fclt\u00fcr olarak Muratpa\u015fa\u2019da yerle\u015fti\u011fi anlat\u0131ld\u0131.<br><br>Etkinlikte DG Do\u011fru Geri Kazan\u0131m Kurucusu Y\u0131lmaz, \u00c7evreci Kom\u015fu Kart kapsam\u0131nda bitkisel at\u0131k ya\u011flar\u0131n geri d\u00f6n\u00fc\u015f\u00fcm\u00fcn\u00fcn firmalar\u0131nca yap\u0131ld\u0131\u011f\u0131n\u0131 s\u00f6yledi. 5 litre at\u0131k ya\u011f\u0131 Muratpa\u015fa\u2019da 95 liradan ald\u0131klar\u0131n\u0131 belirten Y\u0131lmaz, \u201cBu \u00e7er\u00e7eveyi a\u015farak \u015funu ifade etmek isterim. D\u00f6n\u00fc\u015f\u00fcm kad\u0131na \u00e7ok yak\u0131\u015fan bir isim. \u00c7\u00fcnk\u00fc kad\u0131nlar her \u015feyi d\u00f6n\u00fc\u015ft\u00fcrebiliyor. Biz buna at\u0131k d\u00f6n\u00fc\u015f\u00fcm\u00fcnden ba\u015flad\u0131k. Ama bu d\u00fcnyay\u0131 d\u00f6n\u00fc\u015ft\u00fcrmek i\u00e7in kad\u0131nlar\u0131n bir izi olmas\u0131 gerekiyor ki d\u00fcnya ger\u00e7ekten g\u00fczel bir yere d\u00f6n\u00fc\u015fs\u00fcn\u201d diye konu\u015ftu.<br><br>Oyuncu D\u00fcvenci ise kendisinin s\u00fcrekli bir de\u011fi\u015fim ve d\u00f6n\u00fc\u015f\u00fcm i\u00e7inde oldu\u011funu belirterek geri d\u00f6n\u00fc\u015f\u00fcm kavram\u0131n\u0131n da asl\u0131nda ileriye d\u00f6n\u00fc\u015f\u00fcm olarak alg\u0131lanmas\u0131 gerekti\u011fini s\u00f6yledi. D\u00fcvenci, geri d\u00f6n\u00fc\u015f\u00fcm\u00fcn hayat\u0131na k\u00fc\u00e7\u00fck ya\u015flardan buyana ha\u015f\u0131r ne\u015fir oldu\u011fu mutfakla birlikte girdi\u011fini de s\u00f6zlerine ekledi, \u201cBenim i\u00e7in d\u00f6n\u00fc\u015f\u00fcm mutfakta ba\u015flad\u0131\u201d dedi. <\/p>\n\n\n\n<p><strong>Muratpa\u015fa Belediyesi<\/strong> \/B\u00fclten<\/p>\n","protected":false},"excerpt":{"rendered":"<p>Antalya\u2019da Muratpa\u015fa Belediyesi\u2019nin deste\u011fiyle d\u00fczenlenen \u2018D\u00f6n\u00fc\u015ft\u00fcren Kad\u0131nlar\u2019 bulu\u015fmas\u0131nda oyuncu Ceyda D\u00fcvenci, \u2018geri d\u00f6n\u00fc\u015f\u00fcm\u2019 kavram\u0131n\u0131n \u2018ileriye d\u00f6n\u00fc\u015f\u00fcm\u2019 olarak alg\u0131lanmas\u0131 gerekti\u011fini belirterek, \u201cBenim i\u00e7in d\u00f6n\u00fc\u015f\u00fcm mutfakta ba\u015flad\u0131\u201d <a href=\"https:\/\/akdenizhaber.com.tr\/index.php\/2023\/09\/12\/oyuncu-duvenci-geri-donusum-benim-icin-mutfakta-basladi\/\" class=\"read-more-link\">[more&#8230;]<\/a><\/p>\n","protected":false},"author":2,"featured_media":15605,"comment_status":"open","ping_status":"open","sticky":false,"template":"","format":"standard","meta":{"footnotes":""},"categories":[2],"tags":[],"class_list":["post-15604","post","type-post","status-publish","format-standard","has-post-thumbnail","hentry","category-gundem"],"_links":{"self":[{"href":"https:\/\/akdenizhaber.com.tr\/index.php\/wp-json\/wp\/v2\/posts\/15604","targetHints":{"allow":["GET"]}}],"collection":[{"href":"https:\/\/akdenizhaber.com.tr\/index.php\/wp-json\/wp\/v2\/posts"}],"about":[{"href":"https:\/\/akdenizhaber.com.tr\/index.php\/wp-json\/wp\/v2\/types\/post"}],"author":[{"embeddable":true,"href":"https:\/\/akdenizhaber.com.tr\/index.php\/wp-json\/wp\/v2\/users\/2"}],"replies":[{"embeddable":true,"href":"https:\/\/akdenizhaber.com.tr\/index.php\/wp-json\/wp\/v2\/comments?post=15604"}],"version-history":[{"count":0,"href":"https:\/\/akdenizhaber.com.tr\/index.php\/wp-json\/wp\/v2\/posts\/15604\/revisions"}],"wp:featuredmedia":[{"embeddable":true,"href":"https:\/\/akdenizhaber.com.tr\/index.php\/wp-json\/wp\/v2\/media\/15605"}],"wp:attachment":[{"href":"https:\/\/akdenizhaber.com.tr\/index.php\/wp-json\/wp\/v2\/media?parent=15604"}],"wp:term":[{"taxonomy":"category","embeddable":true,"href":"https:\/\/akdenizhaber.com.tr\/index.php\/wp-json\/wp\/v2\/categories?post=15604"},{"taxonomy":"post_tag","embeddable":true,"href":"https:\/\/akdenizhaber.com.tr\/index.php\/wp-json\/wp\/v2\/tags?post=15604"}],"curies":[{"name":"wp","href":"https:\/\/api.w.org\/{rel}","templated":true}]}}