{"id":15601,"date":"2023-09-12T14:03:17","date_gmt":"2023-09-12T11:03:17","guid":{"rendered":"https:\/\/akdenizhaber.com.tr\/?p=15601"},"modified":"2023-09-12T14:03:17","modified_gmt":"2023-09-12T11:03:17","slug":"antalyada-2023-2024-egitim-ogretim-yili-ilk-ders-ziliyle-basladi","status":"publish","type":"post","link":"https:\/\/akdenizhaber.com.tr\/index.php\/2023\/09\/12\/antalyada-2023-2024-egitim-ogretim-yili-ilk-ders-ziliyle-basladi\/","title":{"rendered":"Antalya\u2019da 2023-2024 E\u011fitim \u00d6\u011fretim Y\u0131l\u0131 \u0130lk Ders Ziliyle Ba\u015flad\u0131"},"content":{"rendered":"\n<p><\/p>\n\n\n\n<p><br>Vali Vekili Mustafa Hulusi Arat, Kepez \u015eehit \u0130lyas Acar \u0130lkokulu\u2019nda d\u00fczenlenen 2023-2024 E\u011fitim \u00d6\u011fretim Y\u0131l\u0131 \u0130lk\u00f6\u011fretim Haftas\u0131 program\u0131na kat\u0131larak, \u00f6\u011frencilerin heyecan\u0131na ortak oldu. Vali Vekili Arat, e\u011fitim camias\u0131na, \u00e7ocuklara ve velilere ba\u015far\u0131l\u0131 bir e\u011fitim \u00f6\u011fretim d\u00f6nemi diledi.<\/p>\n\n\n\n<p><br>Antalya&#8217;da 504 bin 215 \u00f6\u011frenci ve 36 bin 421 \u00f6\u011fretmen i\u00e7in 2023-2024 e\u011fitim-\u00f6\u011fretim y\u0131l\u0131 bug\u00fcn ba\u015flad\u0131. Vali Vekili Mustafa Hulusi Arat, Kepez \u015eehit \u0130lyas Acar \u0130lkokulu\u2019nda d\u00fczenlenen 2023-2024 E\u011fitim \u00d6\u011fretim Y\u0131l\u0131 \u0130lk\u00f6\u011fretim Haftas\u0131 program\u0131na kat\u0131larak, \u00f6\u011frencilerin heyecan\u0131na ortak oldu. Programa Vali Vekili Mustafa Hulusi Arat\u2019\u0131n yan\u0131 s\u0131ra Antalya B\u00fcy\u00fck\u015fehir Belediyesi Genel Sekreter Yard\u0131mc\u0131s\u0131 Durmu\u015f Ali Arslan, Kepez Kaymakam\u0131 Nusret \u015eahin, \u0130l Jandarma Komutan\u0131 Tu\u011fgeneral Tar\u0131k Hekimo\u011flu, \u0130l Emniyet M\u00fcd\u00fcr\u00fc Orhan \u00c7evik, Sahil G\u00fcvenlik Antalya Grup Komutan\u0131 SG. Binba\u015f\u0131 Tolga Co\u015fkun, \u0130l Milli E\u011fitim M\u00fcd\u00fcr\u00fc Salih Kaygusuz, okula ismi verilen \u015eehit \u0130lyas Acar\u2019\u0131n anne ve babas\u0131, \u00f6\u011frenciler, \u00f6\u011fretmenler ile \u00e7ok say\u0131da veli kat\u0131ld\u0131.<\/p>\n\n\n\n<p><br>Program \u00f6\u011frenciler taraf\u0131ndan ger\u00e7ekle\u015ftirilen halk oyunlar\u0131 g\u00f6sterisiyle ba\u015flad\u0131. \u0130l Milli E\u011fitim M\u00fcd\u00fcr\u00fc Salih Kaygusuz\u2019un konu\u015fmas\u0131 sonras\u0131nda program bir \u00f6\u011frencinin \u015fiir okumas\u0131yla devam etti. Daha sonra Vali Vekili Arat ve beraberindeki protokol \u00fcyeleri, kurdele kesiminin ard\u0131ndan 2023-2024 e\u011fitim \u00f6\u011fretim y\u0131l\u0131n\u0131n ilk ders zilini \u00e7ald\u0131. Vali Vekili Arat, kurdele kesimi ve ders zilinin \u00e7al\u0131nmas\u0131n\u0131n ard\u0131ndan s\u0131n\u0131flar\u0131 gezerek \u00f6\u011frencilerle sohbet edip ilk okul g\u00fcn\u00fc heyecanlar\u0131na ortak oldu. \u00d6\u011fretmenlerle de k\u0131sa bir sohbet ger\u00e7ekle\u015ftiren Vali Vekili Arat, \u00e7al\u0131\u015fmalar\u0131nda ba\u015far\u0131lar diledi.<\/p>\n\n\n\n<p><br>Program, Vali Vekili Arat\u2019\u0131n Kepez \u015eehit \u0130lyas Acar \u0130lkokulu bah\u00e7esine fidan dikimi ile son buldu.<\/p>\n\n\n\n<p>Antalya Valili\u011fi \/ B\u00fclten<\/p>\n","protected":false},"excerpt":{"rendered":"<p>Vali Vekili Mustafa Hulusi Arat, Kepez \u015eehit \u0130lyas Acar \u0130lkokulu\u2019nda d\u00fczenlenen 2023-2024 E\u011fitim \u00d6\u011fretim Y\u0131l\u0131 \u0130lk\u00f6\u011fretim Haftas\u0131 program\u0131na kat\u0131larak, \u00f6\u011frencilerin heyecan\u0131na ortak oldu. Vali Vekili <a href=\"https:\/\/akdenizhaber.com.tr\/index.php\/2023\/09\/12\/antalyada-2023-2024-egitim-ogretim-yili-ilk-ders-ziliyle-basladi\/\" class=\"read-more-link\">[more&#8230;]<\/a><\/p>\n","protected":false},"author":2,"featured_media":15602,"comment_status":"open","ping_status":"open","sticky":false,"template":"","format":"standard","meta":{"footnotes":""},"categories":[2],"tags":[],"class_list":["post-15601","post","type-post","status-publish","format-standard","has-post-thumbnail","hentry","category-gundem"],"_links":{"self":[{"href":"https:\/\/akdenizhaber.com.tr\/index.php\/wp-json\/wp\/v2\/posts\/15601","targetHints":{"allow":["GET"]}}],"collection":[{"href":"https:\/\/akdenizhaber.com.tr\/index.php\/wp-json\/wp\/v2\/posts"}],"about":[{"href":"https:\/\/akdenizhaber.com.tr\/index.php\/wp-json\/wp\/v2\/types\/post"}],"author":[{"embeddable":true,"href":"https:\/\/akdenizhaber.com.tr\/index.php\/wp-json\/wp\/v2\/users\/2"}],"replies":[{"embeddable":true,"href":"https:\/\/akdenizhaber.com.tr\/index.php\/wp-json\/wp\/v2\/comments?post=15601"}],"version-history":[{"count":0,"href":"https:\/\/akdenizhaber.com.tr\/index.php\/wp-json\/wp\/v2\/posts\/15601\/revisions"}],"wp:featuredmedia":[{"embeddable":true,"href":"https:\/\/akdenizhaber.com.tr\/index.php\/wp-json\/wp\/v2\/media\/15602"}],"wp:attachment":[{"href":"https:\/\/akdenizhaber.com.tr\/index.php\/wp-json\/wp\/v2\/media?parent=15601"}],"wp:term":[{"taxonomy":"category","embeddable":true,"href":"https:\/\/akdenizhaber.com.tr\/index.php\/wp-json\/wp\/v2\/categories?post=15601"},{"taxonomy":"post_tag","embeddable":true,"href":"https:\/\/akdenizhaber.com.tr\/index.php\/wp-json\/wp\/v2\/tags?post=15601"}],"curies":[{"name":"wp","href":"https:\/\/api.w.org\/{rel}","templated":true}]}}