{"id":15596,"date":"2023-09-12T14:01:59","date_gmt":"2023-09-12T11:01:59","guid":{"rendered":"https:\/\/akdenizhaber.com.tr\/?p=15596"},"modified":"2023-09-12T14:02:00","modified_gmt":"2023-09-12T11:02:00","slug":"yks-ek-tercih-islemleri-basladi","status":"publish","type":"post","link":"https:\/\/akdenizhaber.com.tr\/index.php\/2023\/09\/12\/yks-ek-tercih-islemleri-basladi\/","title":{"rendered":"YKS ek tercih i\u015flemleri ba\u015flad\u0131"},"content":{"rendered":"\n<p><\/p>\n\n\n\n<p>YKS Ek Yerle\u015ftirme Tercihleri d\u00fcn ba\u015flad\u0131. \u00d6l\u00e7me, Se\u00e7me ve Yerle\u015ftirme Merkezi&#8217;nin (\u00d6SYM) Y\u00fcksek\u00f6\u011fretim Kurumlar\u0131 S\u0131nav\u0131 (2023-YKS) tercih sonu\u00e7lar\u0131n\u0131 a\u00e7\u0131klamas\u0131 ve kay\u0131tlar\u0131n da sona ermesinin ard\u0131ndan g\u00f6zler bu kez ek yerle\u015ftirme i\u015flemlerine \u00e7evrilmi\u015fti.<\/p>\n\n\n\n<p>Adaylar, 2023-YKS Ek Yerle\u015ftirme i\u00e7in tercihlerini, 12-17 Eyl\u00fcl 2023 tarihleri aras\u0131nda T.C. kimlik numaralar\u0131 ve \u015fifreleriyle \u00d6SYM\u2019nin https:\/\/ais.osym.gov.tr adresinden veya \u00d6SYM Aday \u0130\u015flemleri Mobil Uygulamas\u0131ndan bireysel olarak kendileri yapacak.&nbsp;<\/p>\n\n\n\n<p>Konuyla ilgili olarak \u00d6SYM\u2019den \u015fu a\u00e7\u0131klama yap\u0131ld\u0131: \u201c2023 Y\u00fcksek\u00f6\u011fretim Kurumlar\u0131 S\u0131nav\u0131 (YKS) sonu\u00e7lar\u0131na g\u00f6re 2023-2024 \u00f6\u011fretim y\u0131l\u0131 i\u00e7in y\u00fcksek\u00f6\u011fretim programlar\u0131na ek yerle\u015ftirme i\u015flemleri, \u00d6SYM taraf\u0131ndan yap\u0131lacakt\u0131r. Adaylar, 2023-YKS Ek Yerle\u015ftirme i\u00e7in tercihlerini, 12-17 Eyl\u00fcl 2023 tarihleri aras\u0131nda T.C. kimlik numaralar\u0131 ve \u015fifreleriyle \u00d6SYM\u2019nin https:\/\/ais.osym.gov.tr adresinden veya \u00d6SYM Aday \u0130\u015flemleri Mobil Uygulamas\u0131ndan bireysel olarak kendileri yapacakt\u0131r. Tercih i\u015flemleri, 12 Eyl\u00fcl 2023 tarihinde saat 14.00\u2019te ba\u015flayacak, 17 Eyl\u00fcl 2023 tarihinde saat 23.59\u2019da sona erecektir.<\/p>\n\n\n\n<p>(Haber Merkezi)<\/p>\n","protected":false},"excerpt":{"rendered":"<p>YKS Ek Yerle\u015ftirme Tercihleri d\u00fcn ba\u015flad\u0131. \u00d6l\u00e7me, Se\u00e7me ve Yerle\u015ftirme Merkezi&#8217;nin (\u00d6SYM) Y\u00fcksek\u00f6\u011fretim Kurumlar\u0131 S\u0131nav\u0131 (2023-YKS) tercih sonu\u00e7lar\u0131n\u0131 a\u00e7\u0131klamas\u0131 ve kay\u0131tlar\u0131n da sona ermesinin ard\u0131ndan <a href=\"https:\/\/akdenizhaber.com.tr\/index.php\/2023\/09\/12\/yks-ek-tercih-islemleri-basladi\/\" class=\"read-more-link\">[more&#8230;]<\/a><\/p>\n","protected":false},"author":2,"featured_media":15597,"comment_status":"open","ping_status":"open","sticky":false,"template":"","format":"standard","meta":{"footnotes":""},"categories":[2],"tags":[],"class_list":["post-15596","post","type-post","status-publish","format-standard","has-post-thumbnail","hentry","category-gundem"],"_links":{"self":[{"href":"https:\/\/akdenizhaber.com.tr\/index.php\/wp-json\/wp\/v2\/posts\/15596","targetHints":{"allow":["GET"]}}],"collection":[{"href":"https:\/\/akdenizhaber.com.tr\/index.php\/wp-json\/wp\/v2\/posts"}],"about":[{"href":"https:\/\/akdenizhaber.com.tr\/index.php\/wp-json\/wp\/v2\/types\/post"}],"author":[{"embeddable":true,"href":"https:\/\/akdenizhaber.com.tr\/index.php\/wp-json\/wp\/v2\/users\/2"}],"replies":[{"embeddable":true,"href":"https:\/\/akdenizhaber.com.tr\/index.php\/wp-json\/wp\/v2\/comments?post=15596"}],"version-history":[{"count":0,"href":"https:\/\/akdenizhaber.com.tr\/index.php\/wp-json\/wp\/v2\/posts\/15596\/revisions"}],"wp:featuredmedia":[{"embeddable":true,"href":"https:\/\/akdenizhaber.com.tr\/index.php\/wp-json\/wp\/v2\/media\/15597"}],"wp:attachment":[{"href":"https:\/\/akdenizhaber.com.tr\/index.php\/wp-json\/wp\/v2\/media?parent=15596"}],"wp:term":[{"taxonomy":"category","embeddable":true,"href":"https:\/\/akdenizhaber.com.tr\/index.php\/wp-json\/wp\/v2\/categories?post=15596"},{"taxonomy":"post_tag","embeddable":true,"href":"https:\/\/akdenizhaber.com.tr\/index.php\/wp-json\/wp\/v2\/tags?post=15596"}],"curies":[{"name":"wp","href":"https:\/\/api.w.org\/{rel}","templated":true}]}}