{"id":15571,"date":"2023-09-11T13:44:55","date_gmt":"2023-09-11T10:44:55","guid":{"rendered":"https:\/\/akdenizhaber.com.tr\/?p=15571"},"modified":"2023-09-11T13:44:56","modified_gmt":"2023-09-11T10:44:56","slug":"vali-sahinden-ilkogretim-haftasi-mesaji","status":"publish","type":"post","link":"https:\/\/akdenizhaber.com.tr\/index.php\/2023\/09\/11\/vali-sahinden-ilkogretim-haftasi-mesaji\/","title":{"rendered":"\u00a0Vali \u015eahinden \u0130lk\u00f6\u011fretim Haftas\u0131 Mesaj\u0131"},"content":{"rendered":"\n<p><\/p>\n\n\n\n<p><br>Antalya Valisi Hulusi \u015eahin 2023-2024 E\u011fitim \u00d6\u011fretim Y\u0131l\u0131n\u0131 kutlad\u0131. \u015eahin \u2018\u2019Yeni heyecanlar, yeni mutluluklar ve yeni hedeflerle 2023-2024 E\u011fitim \u00d6\u011fretim Y\u0131l\u0131m\u0131za ba\u015fl\u0131yoruz. Okullar\u0131n a\u00e7\u0131ld\u0131\u011f\u0131 bu haftay\u0131 kapsayan \u0130lk\u00f6\u011fretim Haftam\u0131z kutlu olsun. Yeni E\u011fitim \u00d6\u011fretim Y\u0131l\u0131m\u0131z hay\u0131rl\u0131 u\u011furlu olsun\u2019\u2019 dedi.<\/p>\n\n\n\n<p><br>\u015eahin Bu duygu ve d\u00fc\u015f\u00fcncelerle; 2023-2024 E\u011fitim \u00d6\u011fretim Y\u0131l\u0131n\u0131n t\u00fcm \u00f6\u011frencilerimiz, \u00f6\u011fretmenlerimiz, idarecilerimiz ve velilerimiz i\u00e7in hay\u0131rl\u0131 u\u011furlu olmas\u0131n\u0131 diliyor, t\u00fcm \u00f6\u011frencilerimize ba\u015far\u0131lar diliyorum.<\/p>\n\n\n\n<p>Cumhuriyetimizin Kurucusu Gazi Mustafa Kemal Atat\u00fcrk \u201cEn \u00f6nemli ve verimli vazifelerimiz milli e\u011fitim i\u015fleridir. Milli e\u011fitim i\u015flerinde kesinlikle zafere ula\u015fmak laz\u0131md\u0131r. Bir milletin ger\u00e7ek kurtulu\u015fu ancak bu \u015fekilde olur.\u201d demi\u015ftir. &nbsp;Biz; e\u011fitime \u00f6nem veren, \u00e7ocuklar\u0131m\u0131z\u0131n istikbalini her \u015feyden \u00f6nce g\u00f6ren bir milletiz. \u00c7\u00fcnk\u00fc biliyor ve inan\u0131yoruz ki; T\u00fcrk Milletinin zeki, \u00e7al\u0131\u015fkan ve \u00e7evik gen\u00e7leri ba\u015far\u0131l\u0131 oldu\u011funda, millet\u00e7e bizleri gururland\u0131rd\u0131klar\u0131 gibi \u00fclkesini de muas\u0131r medeniyetler seviyesinin \u00fcst\u00fcne ta\u015f\u0131yacakt\u0131r. \u00c7ocuklar\u0131m\u0131za sa\u011fl\u0131kl\u0131, g\u00fcvenli, kaliteli ve nitelikli bir e\u011fitim imk\u00e2n\u0131 sunmak i\u00e7in devlet olarak biz, sivil toplum kurulu\u015flar\u0131m\u0131z ve k\u0131ymetli hay\u0131rseverlerimizle birlikte \u00e7al\u0131\u015f\u0131yoruz. Antalya bir e\u011fitim \u015fehri. E\u011fitimle b\u00fct\u00fcnle\u015fmi\u015f bir \u015fehir. 1.803 okulumuzda 36.421 \u00f6\u011fretmenimiz ve 504.215 \u00f6\u011frencimiz ders zilinin \u00e7al\u0131nmas\u0131yla birlikte s\u0131n\u0131flarda yerini alacak. \u00c7ocuklar\u0131m\u0131zla g\u00fc\u00e7l\u00fc ve etkili bir ileti\u015fim a\u011f\u0131, sa\u011flam bir g\u00f6n\u00fcl ba\u011f\u0131 kurarak onlar\u0131n e\u011fitim-\u00f6\u011fretimlerinin yan\u0131nda sportif, sanatsal k\u00fclt\u00fcrel anlamda da geli\u015fimlerine katk\u0131 sunaca\u011f\u0131z. Milli, manevi ve bilimsel de\u011ferler \u0131\u015f\u0131\u011f\u0131nda fikri ve vicdan\u0131 h\u00fcr gen\u00e7ler olarak \u00fclkemizin gelece\u011finde \u00f6nemli yer tutacak bireyler olmalar\u0131 i\u00e7in inan\u00e7 ve kararl\u0131l\u0131kla \u00e7al\u0131\u015fmaya devam edece\u011fiz dedi.&nbsp;<\/p>\n\n\n\n<p>Antalya Valili\u011fi \/ B\u00fclten<br><br><\/p>\n","protected":false},"excerpt":{"rendered":"<p>Antalya Valisi Hulusi \u015eahin 2023-2024 E\u011fitim \u00d6\u011fretim Y\u0131l\u0131n\u0131 kutlad\u0131. \u015eahin \u2018\u2019Yeni heyecanlar, yeni mutluluklar ve yeni hedeflerle 2023-2024 E\u011fitim \u00d6\u011fretim Y\u0131l\u0131m\u0131za ba\u015fl\u0131yoruz. Okullar\u0131n a\u00e7\u0131ld\u0131\u011f\u0131 bu <a href=\"https:\/\/akdenizhaber.com.tr\/index.php\/2023\/09\/11\/vali-sahinden-ilkogretim-haftasi-mesaji\/\" class=\"read-more-link\">[more&#8230;]<\/a><\/p>\n","protected":false},"author":2,"featured_media":15572,"comment_status":"open","ping_status":"open","sticky":false,"template":"","format":"standard","meta":{"footnotes":""},"categories":[2],"tags":[],"class_list":["post-15571","post","type-post","status-publish","format-standard","has-post-thumbnail","hentry","category-gundem"],"_links":{"self":[{"href":"https:\/\/akdenizhaber.com.tr\/index.php\/wp-json\/wp\/v2\/posts\/15571","targetHints":{"allow":["GET"]}}],"collection":[{"href":"https:\/\/akdenizhaber.com.tr\/index.php\/wp-json\/wp\/v2\/posts"}],"about":[{"href":"https:\/\/akdenizhaber.com.tr\/index.php\/wp-json\/wp\/v2\/types\/post"}],"author":[{"embeddable":true,"href":"https:\/\/akdenizhaber.com.tr\/index.php\/wp-json\/wp\/v2\/users\/2"}],"replies":[{"embeddable":true,"href":"https:\/\/akdenizhaber.com.tr\/index.php\/wp-json\/wp\/v2\/comments?post=15571"}],"version-history":[{"count":0,"href":"https:\/\/akdenizhaber.com.tr\/index.php\/wp-json\/wp\/v2\/posts\/15571\/revisions"}],"wp:featuredmedia":[{"embeddable":true,"href":"https:\/\/akdenizhaber.com.tr\/index.php\/wp-json\/wp\/v2\/media\/15572"}],"wp:attachment":[{"href":"https:\/\/akdenizhaber.com.tr\/index.php\/wp-json\/wp\/v2\/media?parent=15571"}],"wp:term":[{"taxonomy":"category","embeddable":true,"href":"https:\/\/akdenizhaber.com.tr\/index.php\/wp-json\/wp\/v2\/categories?post=15571"},{"taxonomy":"post_tag","embeddable":true,"href":"https:\/\/akdenizhaber.com.tr\/index.php\/wp-json\/wp\/v2\/tags?post=15571"}],"curies":[{"name":"wp","href":"https:\/\/api.w.org\/{rel}","templated":true}]}}