{"id":15568,"date":"2023-09-11T13:44:25","date_gmt":"2023-09-11T10:44:25","guid":{"rendered":"https:\/\/akdenizhaber.com.tr\/?p=15568"},"modified":"2023-09-11T13:44:25","modified_gmt":"2023-09-11T10:44:25","slug":"tutuncu-musiad-uyesi-genclerle-tecrubelerini-paylasti","status":"publish","type":"post","link":"https:\/\/akdenizhaber.com.tr\/index.php\/2023\/09\/11\/tutuncu-musiad-uyesi-genclerle-tecrubelerini-paylasti\/","title":{"rendered":"T\u00fct\u00fcnc\u00fc, M\u00dcS\u0130AD \u00fcyesi gen\u00e7lerle tecr\u00fcbelerini payla\u015ft\u0131"},"content":{"rendered":"\n<p><\/p>\n\n\n\n<p>Antalya\u2019n\u0131n Gen\u00e7 M\u00fcstakil Sanayici ve \u0130\u015fadamlar\u0131 Derne\u011fi \u00fcyeleriyle bir araya gelen Kepez Belediye Ba\u015fkan\u0131 Hakan T\u00fct\u00fcnc\u00fc, \u201cBir yandan \u015fehri in\u015fa ederken, bir yandan nesli ihya etmeliyiz. Bizim en b\u00fcy\u00fck amac\u0131m\u0131z; gelecek ku\u015faklara bir vizyon \u00e7izebilmek. Ufuk g\u00f6sterebilmek, hedef olabilmek\u201d dedi.<\/p>\n\n\n\n<p>Kepez Belediye Ba\u015fkan\u0131 Hakan T\u00fct\u00fcnc\u00fc, M\u00fcstakil Sanayici ve \u0130\u015f Adamlar\u0131 Derne\u011fi\u2018ni (M\u00dcS\u0130AD) ziyaret etti. Dernek Ba\u015fkan\u0131 Ali Ak\u00e7ay\u2019\u0131 makam\u0131nda ziyaret eden Ba\u015fkan T\u00fct\u00fcnc\u00fc, ard\u0131ndan M\u00dcS\u0130AD Antalya \u015eubesi Gen\u00e7lik Kurulu ile bir araya geldi. Ba\u015fkan T\u00fct\u00fcnc\u00fc,&nbsp; gen\u00e7 i\u015f adamlar\u0131yla Kepez\u2019in d\u00fcn\u00fcn\u00fc ve bug\u00fcn\u00fc konu\u015ftu. Belediye Ba\u015fkanl\u0131\u011f\u0131 g\u00f6revinde 15. y\u0131l oldu\u011funu ve bu s\u00fcre\u00e7te \u00e7ok \u00f6nemli i\u015fler yap\u0131ld\u0131\u011f\u0131n\u0131n alt\u0131n\u0131 \u00e7izen Ba\u015fkan T\u00fct\u00fcnc\u00fc, \u201cKepez\u2019de \u00e7ok \u00f6nemli de\u011fi\u015fim ve d\u00f6n\u00fc\u015f\u00fcme imza att\u0131k. 2009\u2019da 350 bin n\u00fcfuslu Kepez\u2019in bir\u00e7ok problemi vard\u0131. 2009\u2019daki sorunlar\u0131n bir\u00e7o\u011funun bug\u00fcn g\u00fcndemden d\u00fc\u015ft\u00fc\u011f\u00fcn\u00fc g\u00f6r\u00fcyoruz. \u015euan 700 bin n\u00fcfuslu bir kentle kar\u015f\u0131 kar\u015f\u0131yay\u0131z. N\u00fcfus bak\u0131m\u0131ndan da Antalya\u2019n\u0131n en b\u00fcy\u00fck il\u00e7esi Kepez\u2026 15 y\u0131lda burada yapt\u0131\u011f\u0131m\u0131z hizmetlerin Antalya\u2019n\u0131n 19 il\u00e7esinde de var olmas\u0131n\u0131 arzu ediyorum. \u201c dedi.<\/p>\n\n\n\n<p>GELECEK KU\u015eAKLARA V\u0130ZYON \u00c7\u0130ZEB\u0130LMEL\u0130Y\u0130Z<\/p>\n\n\n\n<p>Belediyecili\u011fi yol yapmak, m\u00fclkiyet sorunlar\u0131n\u0131 \u00e7\u00f6zmek, in\u015faatlar yapmak olarak g\u00f6rmediklerini belirten Ba\u015fkan T\u00fct\u00fcnc\u00fc, \u201cBir neslin in\u015fas\u0131na, bir k\u00fclt\u00fcr ve medeniyet ihyas\u0131na elimizdeki imkanlarla destek verebilirsek, bizden daha \u00e7ok ya\u015fayacak eserlere imza atabilirsek, toplumun bak\u0131\u015f a\u00e7\u0131s\u0131n\u0131 bu y\u00f6n\u00fcyle de\u011fi\u015ftirebilirsek bu bizim i\u00e7in en b\u00fcy\u00fck kazan\u00e7 olacakt\u0131r. \u0130ktidar\u0131 istememiz o imkanlarla bulu\u015fmam\u0131z anlam\u0131na geliyor. Bir yandan \u015fehri in\u015fa ederken, bir yandan nesli ihya etmeliyiz.&nbsp; Gelecek ku\u015faklara bir vizyon \u00e7izebilmek. Ufuk g\u00f6sterebilmek, hedef olabilmek bizim amac\u0131m\u0131z budur.\u201d diye konu\u015ftu.<\/p>\n\n\n\n<p>B\u0130LG\u0130YLE YOL ALMALIYIZ<\/p>\n\n\n\n<p>Bilim ve sanat\u0131n \u00f6nemine de de\u011finen Ba\u015fkan T\u00fct\u00fcnc\u00fc, \u201cI\u015f\u0131lt\u0131l\u0131 meydanlar yapabiliriz. Kocaman projeler \u00fcretebiliriz. Metrolar, h\u0131zl\u0131 trenler her \u015feyi yapabiliriz. Ama biz bilimsel bilgiye ve sanata yeterince k\u0131ymet verip rasyonel d\u00fc\u015f\u00fcnceyi geli\u015ftiremezsek, bilime sahip olamazsak, biz bir arpa boyu yol alamay\u0131z. Bunun i\u00e7in bilgiye sahip olmal\u0131y\u0131z. Sanat\u0131n de\u011fi\u015fik alanlar\u0131nda a\u00e7\u0131l\u0131mlar yapmal\u0131y\u0131z. Sanatla bilimi birle\u015ftirmemiz gerekli. \u201c dedi.<\/p>\n\n\n\n<p>B\u0130L\u0130M MERKEZ\u0130, K\u00dcT\u00dcPHANELER<\/p>\n\n\n\n<p>T\u00fcrkiye\u2019nin en kapsaml\u0131 en b\u00fcy\u00fck bilim merkezini Dokumapark\u2019a kurduklar\u0131n\u0131 hat\u0131rlatan Ba\u015fkan T\u00fct\u00fcnc\u00fc, \u201cAntalya Bilim Merkezi\u2019nde her y\u0131l 500 bin kez kullan\u0131lan at\u00f6lye \u00e7al\u0131\u015fmalar\u0131 yap\u0131yoruz. \u00c7ocuklar\u0131m\u0131z\u0131 bilimle, bilgisel d\u00fc\u015f\u00fcnceyle bulu\u015fturuyoruz. Bilim merkezinde 2\u2019si \u00fcniversiteli gen\u00e7ler, di\u011feri liseli gen\u00e7ler olmak \u00fczere 3 tane elektrikli otomobil yap\u0131ld\u0131. Kepez\u2019in kurdu\u011fu Antalya Bilim Merkezi\u2019nin Kaliforniya Bilim Merkezi ile hi\u00e7bir fark\u0131 yok. Bu bizim en b\u00fcy\u00fck hayalimizdi. M\u00fczeler yap\u0131yoruz, bilim merkezi yap\u0131yoruz, k\u00fct\u00fcphaneler yap\u0131yoruz. Kepez\u2019e 21 k\u00fct\u00fcphane kurduk. 2009 y\u0131l\u0131nda Kepez\u2019de s\u0131f\u0131r k\u00fct\u00fcphane vard\u0131. 9 bin metre kare alan\u0131, 1 milyon kitap kapasitesi, ayn\u0131 anda 2 bin 500 ki\u015finin \u00e7al\u0131\u015fabilece\u011fi, genel koleksiyona ilaveten 5 tane de ihtisas k\u00fct\u00fcphanesi ve 300 ki\u015filik konferans salonu bulunuyor. Antalya K\u00fct\u00fcphanemiz 29 Ekim\u2019de kap\u0131lar\u0131n\u0131 a\u00e7\u0131yor.\u201ddiye konu\u015ftu.<\/p>\n\n\n\n<p>H\u0130ZMETLER\u0130N\u0130Z ANTALYA\u2019NIN TAMAMINA DOKUNDU<\/p>\n\n\n\n<p>Ba\u015fkan T\u00fct\u00fcnc\u00fc\u2019n\u00fcn konu\u015fmas\u0131n\u0131n ard\u0131ndan gen\u00e7 i\u015fadamlar\u0131 da duygu ve d\u00fc\u015f\u00fcncelerini dile getirdi. Gen\u00e7 M\u00dcS\u0130AD \u00fcyelerinden birinin \u201cYapm\u0131\u015f oldu\u011funuz hizmetler Antalya\u2019n\u0131n tamam\u0131na dokundu. Duam\u0131z temennimiz bu \u00e7al\u0131\u015fmalardan Antalya\u2019n\u0131n da faydalanabilece\u011fi 19 il\u00e7enin faydalanabilece\u011fi bir ortam\u0131n olu\u015fmas\u0131\u2026\u201d dedi. &nbsp;D\u00fc\u015f\u00fcncelerinden dolay\u0131 gen\u00e7 i\u015f adam\u0131na te\u015fekk\u00fcr eden Ba\u015fkan T\u00fct\u00fcnc\u00fc, \u201c15 y\u0131lda burada yapt\u0131\u011f\u0131m\u0131z hizmetlerin Antalya\u2019n\u0131n 19 il\u00e7esinde de var olmas\u0131n\u0131 arzu ediyorum. \u201c dedi.<\/p>\n\n\n\n<p>Sohbetin ard\u0131ndan Gen\u00e7 M\u00fcsiad taraf\u0131ndan Ba\u015fkan T\u00fct\u00fcnc\u00fc\u2019ye, Kilis\u2019te ad\u0131na dikilen Antep F\u0131st\u0131\u011f\u0131 fidan\u0131n\u0131n sertifikas\u0131 takdim edildi.<\/p>\n\n\n\n<p>Kepez Belediyesi \/ B\u00fclten<\/p>\n","protected":false},"excerpt":{"rendered":"<p>Antalya\u2019n\u0131n Gen\u00e7 M\u00fcstakil Sanayici ve \u0130\u015fadamlar\u0131 Derne\u011fi \u00fcyeleriyle bir araya gelen Kepez Belediye Ba\u015fkan\u0131 Hakan T\u00fct\u00fcnc\u00fc, \u201cBir yandan \u015fehri in\u015fa ederken, bir yandan nesli ihya <a href=\"https:\/\/akdenizhaber.com.tr\/index.php\/2023\/09\/11\/tutuncu-musiad-uyesi-genclerle-tecrubelerini-paylasti\/\" class=\"read-more-link\">[more&#8230;]<\/a><\/p>\n","protected":false},"author":2,"featured_media":15569,"comment_status":"open","ping_status":"open","sticky":false,"template":"","format":"standard","meta":{"footnotes":""},"categories":[2],"tags":[],"class_list":["post-15568","post","type-post","status-publish","format-standard","has-post-thumbnail","hentry","category-gundem"],"_links":{"self":[{"href":"https:\/\/akdenizhaber.com.tr\/index.php\/wp-json\/wp\/v2\/posts\/15568","targetHints":{"allow":["GET"]}}],"collection":[{"href":"https:\/\/akdenizhaber.com.tr\/index.php\/wp-json\/wp\/v2\/posts"}],"about":[{"href":"https:\/\/akdenizhaber.com.tr\/index.php\/wp-json\/wp\/v2\/types\/post"}],"author":[{"embeddable":true,"href":"https:\/\/akdenizhaber.com.tr\/index.php\/wp-json\/wp\/v2\/users\/2"}],"replies":[{"embeddable":true,"href":"https:\/\/akdenizhaber.com.tr\/index.php\/wp-json\/wp\/v2\/comments?post=15568"}],"version-history":[{"count":0,"href":"https:\/\/akdenizhaber.com.tr\/index.php\/wp-json\/wp\/v2\/posts\/15568\/revisions"}],"wp:featuredmedia":[{"embeddable":true,"href":"https:\/\/akdenizhaber.com.tr\/index.php\/wp-json\/wp\/v2\/media\/15569"}],"wp:attachment":[{"href":"https:\/\/akdenizhaber.com.tr\/index.php\/wp-json\/wp\/v2\/media?parent=15568"}],"wp:term":[{"taxonomy":"category","embeddable":true,"href":"https:\/\/akdenizhaber.com.tr\/index.php\/wp-json\/wp\/v2\/categories?post=15568"},{"taxonomy":"post_tag","embeddable":true,"href":"https:\/\/akdenizhaber.com.tr\/index.php\/wp-json\/wp\/v2\/tags?post=15568"}],"curies":[{"name":"wp","href":"https:\/\/api.w.org\/{rel}","templated":true}]}}