{"id":15565,"date":"2023-09-11T13:43:53","date_gmt":"2023-09-11T10:43:53","guid":{"rendered":"https:\/\/akdenizhaber.com.tr\/?p=15565"},"modified":"2023-09-11T13:43:53","modified_gmt":"2023-09-11T10:43:53","slug":"tekvando-ilgisi-9-yasa-indi","status":"publish","type":"post","link":"https:\/\/akdenizhaber.com.tr\/index.php\/2023\/09\/11\/tekvando-ilgisi-9-yasa-indi\/","title":{"rendered":"Tekvando ilgisi 9 ya\u015fa indi"},"content":{"rendered":"\n<p><\/p>\n\n\n\n<p>Kepez Belediyesi Spor Kul\u00fcb\u00fc\u2019n\u00fcn tekvando bran\u015f\u0131na olan kat\u0131l\u0131m ya\u015f\u0131 14\u2019ten 9 ya\u015fa kadar geriledi.<\/p>\n\n\n\n<p>Bu sezon 9 bran\u015fta yaz spor okulu d\u00fczenleyen Kepez Belediyesi Spor Kul\u00fcb\u00fc\u2019n\u00fcn yaz spor okullar\u0131ndaki kat\u0131l\u0131m ya\u015f ortalamas\u0131 yo\u011funlu\u011fu, 14\u2019ten 9 ya\u015fa kadar geriledi. \u00c7ocuklar\u0131n\u0131 emanet eden velilerin \u00f6zg\u00fcven kazanmalar\u0131 ve kendilerini ifade edebilmelerini kolayla\u015ft\u0131rma beklentisi ta\u015f\u0131d\u0131\u011f\u0131n\u0131 a\u00e7\u0131klayan tekvando antren\u00f6r\u00fc Derya Uyankaya, \u201cKat\u0131l\u0131m yo\u011funlu\u011fu genelde 2009\u2019lular olurdu. Bu y\u0131l 20014-15-16 ve 2017 do\u011fumlular fazla oldu. Veliler \u00e7ocuklar\u0131n\u0131n \u00f6zg\u00fcven art\u0131\u015f\u0131 sa\u011flamas\u0131 d\u00fc\u015f\u00fcncesiyle tekvandoya y\u00f6nlendiklerini s\u00f6yl\u00fcyor\u201d dedi.<\/p>\n\n\n\n<p>KI\u015e SPOR OKULLARINA DAVET<\/p>\n\n\n\n<p>Yaz spor okullar\u0131n\u0131n kapan\u0131\u015f\u0131nda ku\u015fak imtihan\u0131 d\u00fczenleyen tekvando bran\u015f\u0131, 5-16 ya\u015f aras\u0131 t\u00fcm \u00f6\u011frencilerini teknik ve s\u00f6zl\u00fc s\u0131nav yapt\u0131. Y\u00fcksek ku\u015fakl\u0131lar\u0131n m\u00fcsabakaya tabi tutuldu\u011fu s\u0131nava kat\u0131lan kul\u00fcp ba\u015fkan\u0131 Hakan \u00c7atal, d\u00fczenli antrenmanlara gelen \u00f6\u011frencileri tebrik etti, ba\u015far\u0131lar diledi. Okullar\u0131n a\u00e7\u0131lmas\u0131yla birlikte k\u0131\u015f spor okullar\u0131n\u0131n ba\u015flayaca\u011f\u0131n\u0131 duyuran Ba\u015fkan \u00c7atal, \u201cBu k\u0131\u015f en az 100 yeni tekvando sporcu aday\u0131 bekliyoruz. Yeni ba\u015flamalar\u0131 \u00f6nemli de\u011fil, burada devam etmek isteyen, kendini geli\u015ftirmek isteyen deneyimli sporcular\u0131 da al\u0131yoruz\u201d diye konu\u015ftu. &nbsp;<\/p>\n\n\n\n<p>Kepez Belediyesi \/ B\u00fcten<\/p>\n","protected":false},"excerpt":{"rendered":"<p>Kepez Belediyesi Spor Kul\u00fcb\u00fc\u2019n\u00fcn tekvando bran\u015f\u0131na olan kat\u0131l\u0131m ya\u015f\u0131 14\u2019ten 9 ya\u015fa kadar geriledi. Bu sezon 9 bran\u015fta yaz spor okulu d\u00fczenleyen Kepez Belediyesi Spor <a href=\"https:\/\/akdenizhaber.com.tr\/index.php\/2023\/09\/11\/tekvando-ilgisi-9-yasa-indi\/\" class=\"read-more-link\">[more&#8230;]<\/a><\/p>\n","protected":false},"author":2,"featured_media":15566,"comment_status":"open","ping_status":"open","sticky":false,"template":"","format":"standard","meta":{"footnotes":""},"categories":[2],"tags":[],"class_list":["post-15565","post","type-post","status-publish","format-standard","has-post-thumbnail","hentry","category-gundem"],"_links":{"self":[{"href":"https:\/\/akdenizhaber.com.tr\/index.php\/wp-json\/wp\/v2\/posts\/15565","targetHints":{"allow":["GET"]}}],"collection":[{"href":"https:\/\/akdenizhaber.com.tr\/index.php\/wp-json\/wp\/v2\/posts"}],"about":[{"href":"https:\/\/akdenizhaber.com.tr\/index.php\/wp-json\/wp\/v2\/types\/post"}],"author":[{"embeddable":true,"href":"https:\/\/akdenizhaber.com.tr\/index.php\/wp-json\/wp\/v2\/users\/2"}],"replies":[{"embeddable":true,"href":"https:\/\/akdenizhaber.com.tr\/index.php\/wp-json\/wp\/v2\/comments?post=15565"}],"version-history":[{"count":0,"href":"https:\/\/akdenizhaber.com.tr\/index.php\/wp-json\/wp\/v2\/posts\/15565\/revisions"}],"wp:featuredmedia":[{"embeddable":true,"href":"https:\/\/akdenizhaber.com.tr\/index.php\/wp-json\/wp\/v2\/media\/15566"}],"wp:attachment":[{"href":"https:\/\/akdenizhaber.com.tr\/index.php\/wp-json\/wp\/v2\/media?parent=15565"}],"wp:term":[{"taxonomy":"category","embeddable":true,"href":"https:\/\/akdenizhaber.com.tr\/index.php\/wp-json\/wp\/v2\/categories?post=15565"},{"taxonomy":"post_tag","embeddable":true,"href":"https:\/\/akdenizhaber.com.tr\/index.php\/wp-json\/wp\/v2\/tags?post=15565"}],"curies":[{"name":"wp","href":"https:\/\/api.w.org\/{rel}","templated":true}]}}