{"id":15562,"date":"2023-09-11T13:43:24","date_gmt":"2023-09-11T10:43:24","guid":{"rendered":"https:\/\/akdenizhaber.com.tr\/?p=15562"},"modified":"2023-09-11T13:43:25","modified_gmt":"2023-09-11T10:43:25","slug":"kircamide-cozum-arayisi","status":"publish","type":"post","link":"https:\/\/akdenizhaber.com.tr\/index.php\/2023\/09\/11\/kircamide-cozum-arayisi\/","title":{"rendered":"K\u0131rcami\u2019de \u00e7\u00f6z\u00fcm aray\u0131\u015f\u0131"},"content":{"rendered":"\n<p><\/p>\n\n\n\n<p>Muratpa\u015fa Belediyesi, bin 481 futbol sahas\u0131 geni\u015fli\u011fiyle depreme dayan\u0131kl\u0131, trafik dahil sorunlar\u0131n\u0131 \u00e7\u00f6zm\u00fc\u015f bir Antalya i\u00e7in en \u00f6nemli f\u0131rsat olan K\u0131rcami\u2019de, parselasyon planlar\u0131n\u0131n yerel mahkemelerce iptalinin ard\u0131ndan yeniden kollar\u0131 s\u0131vad\u0131. Muratpa\u015fa Belediyesi, mahkeme kararlar\u0131n\u0131 beklemek ya da yeniden parselasyon \u00e7al\u0131\u015fmas\u0131na ba\u015flamaktan olu\u015fan iki \u00e7\u00f6z\u00fcm\u00fc masaya yat\u0131rd\u0131.<\/p>\n\n\n\n<p>K\u0131rcami, Antalya\u2019n\u0131n tam merkezinde K\u0131rcami, Do\u011fuyaka, Top\u00e7ular, Tar\u0131m, Mehmet\u00e7ik, G\u00fczeloluk, Z\u00fcmr\u00fctova, Ye\u015filova mahallelerinin tamam\u0131, Fener ve \u00c7a\u011flayan mahallelerinin belli b\u00f6l\u00fcmlerini i\u00e7ine alan b\u00f6lgenin genel ad\u0131. B\u00f6lgede 1970&#8217;li y\u0131llarda yap\u0131lan tar\u0131m, 1990&#8217;larda toprak yorgunlu\u011fu ve kirlenme gibi nedenlerle s\u00fcrd\u00fcr\u00fclemez hale geldi. Tar\u0131m, b\u00f6lgeye karakterini veren ana faaliyet olmaktan \u00e7\u0131karken imar sorunu g\u00fcndeme geldi.<br>B\u00f6lgenin s\u0131n\u0131r\u0131n\u0131 \u00e7izen \u00d6zg\u00fcrl\u00fck Bulvar\u0131 ve \u00e7evresinde apartmanlar y\u00fckselirken K\u0131rcami, \u00e7\u00f6z\u00fclemeyen sorunlar\u0131 nedeniyle kentin tam merkezinde b\u00fcy\u00fck bir bo\u015fluk olarak kald\u0131. Muratpa\u015fa Belediyesi, \u00dcmit Uysal\u2019\u0131n ilk kez belediye ba\u015fkan\u0131 se\u00e7ildi\u011fi 2014\u2019te hummal\u0131 bir \u00e7al\u0131\u015fmaya ba\u015flad\u0131. Hafta sonu toplanan belediye meclisleri, uzun saatler s\u00fcren mesailerle K\u0131rcami\u2019de sorun \u00e7\u00f6z\u00fcld\u00fc. Ancak \u00e7\u00f6z\u00fcm mahkemelerden d\u00f6nd\u00fc. \u0130ki kez tapu da\u011f\u0131t\u0131lan K\u0131rcami\u2019de nisan ay\u0131nda bu kez Antalya 2. \u0130dare Mahkemesi\u2019nce parselasyon plan\u0131 iptal edildi.<br>Muratpa\u015fa Belediyesi, yerel mahkeme karar\u0131n\u0131 Konya B\u00f6lge \u0130dare Mahkemesi\u2019nde istinafa ta\u015f\u0131d\u0131. Ancak mahkemenin hen\u00fcz karar vermemesi nedeniyle iki \u00e7\u00f6z\u00fcm masaya yat\u0131r\u0131ld\u0131. Belediye, ya parselasyona ili\u015fkin mahkeme s\u00fcre\u00e7lerin tamamlanmas\u0131n\u0131 bekleyecek ya da yakla\u015f\u0131k 35 bin ki\u015finin m\u00fclk sahibi oldu\u011fu K\u0131rcami\u2019de in\u015faatlar\u0131n ba\u015flamas\u0131n\u0131 sa\u011flayacak parselasyon plan s\u00fcrecini yeniden ba\u015flatacak. Muratpa\u015fa Belediyesi, karar \u00f6ncesi K\u0131rcami\u2019de bulunan dernekler ve muhtarlar\u0131n g\u00f6r\u00fc\u015flerini isteyecek.<\/p>\n\n\n\n<p>Muratpa\u015fa Belediyesi \/ B\u00fclten<\/p>\n","protected":false},"excerpt":{"rendered":"<p>Muratpa\u015fa Belediyesi, bin 481 futbol sahas\u0131 geni\u015fli\u011fiyle depreme dayan\u0131kl\u0131, trafik dahil sorunlar\u0131n\u0131 \u00e7\u00f6zm\u00fc\u015f bir Antalya i\u00e7in en \u00f6nemli f\u0131rsat olan K\u0131rcami\u2019de, parselasyon planlar\u0131n\u0131n yerel mahkemelerce <a href=\"https:\/\/akdenizhaber.com.tr\/index.php\/2023\/09\/11\/kircamide-cozum-arayisi\/\" class=\"read-more-link\">[more&#8230;]<\/a><\/p>\n","protected":false},"author":2,"featured_media":15563,"comment_status":"open","ping_status":"open","sticky":false,"template":"","format":"standard","meta":{"footnotes":""},"categories":[2],"tags":[],"class_list":["post-15562","post","type-post","status-publish","format-standard","has-post-thumbnail","hentry","category-gundem"],"_links":{"self":[{"href":"https:\/\/akdenizhaber.com.tr\/index.php\/wp-json\/wp\/v2\/posts\/15562","targetHints":{"allow":["GET"]}}],"collection":[{"href":"https:\/\/akdenizhaber.com.tr\/index.php\/wp-json\/wp\/v2\/posts"}],"about":[{"href":"https:\/\/akdenizhaber.com.tr\/index.php\/wp-json\/wp\/v2\/types\/post"}],"author":[{"embeddable":true,"href":"https:\/\/akdenizhaber.com.tr\/index.php\/wp-json\/wp\/v2\/users\/2"}],"replies":[{"embeddable":true,"href":"https:\/\/akdenizhaber.com.tr\/index.php\/wp-json\/wp\/v2\/comments?post=15562"}],"version-history":[{"count":0,"href":"https:\/\/akdenizhaber.com.tr\/index.php\/wp-json\/wp\/v2\/posts\/15562\/revisions"}],"wp:featuredmedia":[{"embeddable":true,"href":"https:\/\/akdenizhaber.com.tr\/index.php\/wp-json\/wp\/v2\/media\/15563"}],"wp:attachment":[{"href":"https:\/\/akdenizhaber.com.tr\/index.php\/wp-json\/wp\/v2\/media?parent=15562"}],"wp:term":[{"taxonomy":"category","embeddable":true,"href":"https:\/\/akdenizhaber.com.tr\/index.php\/wp-json\/wp\/v2\/categories?post=15562"},{"taxonomy":"post_tag","embeddable":true,"href":"https:\/\/akdenizhaber.com.tr\/index.php\/wp-json\/wp\/v2\/tags?post=15562"}],"curies":[{"name":"wp","href":"https:\/\/api.w.org\/{rel}","templated":true}]}}