{"id":15559,"date":"2023-09-11T13:42:48","date_gmt":"2023-09-11T10:42:48","guid":{"rendered":"https:\/\/akdenizhaber.com.tr\/?p=15559"},"modified":"2023-09-11T13:42:48","modified_gmt":"2023-09-11T10:42:48","slug":"mavi-kelebekler-deplasmanda-galip","status":"publish","type":"post","link":"https:\/\/akdenizhaber.com.tr\/index.php\/2023\/09\/11\/mavi-kelebekler-deplasmanda-galip\/","title":{"rendered":"Mavi Kelebekler deplasmanda galip"},"content":{"rendered":"\n<p><\/p>\n\n\n\n<p>Konyaalt\u0131 Belediye SK Kad\u0131n Hentbol Tak\u0131m\u0131, S\u00fcper Lig m\u00fccadelesinde Yenimahalle Belediyesi&#8217;ni deplasmanda 36-24 skorla ma\u011flup ederek ikide iki yapt\u0131.<\/p>\n\n\n\n<p>Ge\u00e7ti\u011fimiz sezonun Avrupa \u015fampiyonu Konyaalt\u0131 Belediye SK Kad\u0131n Hentbol Tak\u0131m\u0131, s\u00fcper ligde oynad\u0131\u011f\u0131 ilk iki ma\u00e7\u0131 kazanarak yoluna kay\u0131ps\u0131z devam ediyor. Ge\u00e7ti\u011fimiz hafta taraftar\u0131 \u00f6n\u00fcnde ligin iddial\u0131 ekiplerinden Yal\u0131kavak&#8217;\u0131 ma\u011flup ederek dikkat \u00e7eken Mavi Kelebekler, ligin g\u00fc\u00e7l\u00fc ekiplerinden Yenimahalle&#8217;yi de deplasmanda ma\u011flup etti. Kar\u015f\u0131la\u015fman\u0131n ilk yar\u0131s\u0131n\u0131 da 18-13 \u00f6nde kapatan Maviler\u2019de Ceylan Aydemir att\u0131\u011f\u0131 6 gol ile tak\u0131m\u0131n en skorer oyuncusu oldu. Alena ve Beyza da 5\u2019er golle skora katk\u0131 verdi. Puan durumunda bir ma\u00e7 eksi\u011fiyle ikinci s\u0131rada yer alan Konyaalt\u0131 Belediye SK, sonraki ma\u00e7ta taraftar\u0131 \u00f6n\u00fcnde Anadolu \u00dcniversitesi\u2019ni a\u011f\u0131rlayacak. Kar\u015f\u0131la\u015fma 16 Eyl\u00fcl Cumartesi g\u00fcn\u00fc Akdeniz \u00dcniversitesi Mavi Salon\u2019da oynanacak.<\/p>\n\n\n\n<p>TAKIMIMIZA G\u00dcVEN\u0130M\u0130Z TAM<\/p>\n\n\n\n<p>\u0130lk iki haftay\u0131 galibiyetle kapatman\u0131n mutlulu\u011funu ya\u015fad\u0131klar\u0131n\u0131 ifade eden Konyaalt\u0131 Belediye Ba\u015fkan\u0131 Semih Esen, \u2018\u2019Sporcular\u0131m\u0131z\u0131 ve teknik heyetimizi kutluyorum. Bizleri her alanda gururland\u0131rmaya devam ediyorlar. Ge\u00e7ti\u011fimiz y\u0131l k\u0131l pay\u0131 ka\u00e7\u0131rd\u0131\u011f\u0131m\u0131z lig \u015fampiyonlu\u011funa da bu y\u0131l ula\u015faca\u011f\u0131m\u0131z\u0131 d\u00fc\u015f\u00fcn\u00fcyorum. Sporcular\u0131m\u0131za ve teknik kadromuza g\u00fcvenimiz tam\u2019\u2019 dedi. Yenimahalle ma\u00e7\u0131nda rahat bir galibiyet ald\u0131klar\u0131n\u0131 belirten Ba\u015fantren\u00f6r Birol \u00dcnsal ise, haftalar ilerledik\u00e7e daha iyi bir tak\u0131m olacaklar\u0131n\u0131 s\u00f6yledi.<\/p>\n\n\n\n<p>Konyaalt\u0131 Belediyesi \/ B\u00fclten<\/p>\n","protected":false},"excerpt":{"rendered":"<p>Konyaalt\u0131 Belediye SK Kad\u0131n Hentbol Tak\u0131m\u0131, S\u00fcper Lig m\u00fccadelesinde Yenimahalle Belediyesi&#8217;ni deplasmanda 36-24 skorla ma\u011flup ederek ikide iki yapt\u0131. Ge\u00e7ti\u011fimiz sezonun Avrupa \u015fampiyonu Konyaalt\u0131 Belediye <a href=\"https:\/\/akdenizhaber.com.tr\/index.php\/2023\/09\/11\/mavi-kelebekler-deplasmanda-galip\/\" class=\"read-more-link\">[more&#8230;]<\/a><\/p>\n","protected":false},"author":2,"featured_media":15560,"comment_status":"open","ping_status":"open","sticky":false,"template":"","format":"standard","meta":{"footnotes":""},"categories":[2],"tags":[],"class_list":["post-15559","post","type-post","status-publish","format-standard","has-post-thumbnail","hentry","category-gundem"],"_links":{"self":[{"href":"https:\/\/akdenizhaber.com.tr\/index.php\/wp-json\/wp\/v2\/posts\/15559","targetHints":{"allow":["GET"]}}],"collection":[{"href":"https:\/\/akdenizhaber.com.tr\/index.php\/wp-json\/wp\/v2\/posts"}],"about":[{"href":"https:\/\/akdenizhaber.com.tr\/index.php\/wp-json\/wp\/v2\/types\/post"}],"author":[{"embeddable":true,"href":"https:\/\/akdenizhaber.com.tr\/index.php\/wp-json\/wp\/v2\/users\/2"}],"replies":[{"embeddable":true,"href":"https:\/\/akdenizhaber.com.tr\/index.php\/wp-json\/wp\/v2\/comments?post=15559"}],"version-history":[{"count":0,"href":"https:\/\/akdenizhaber.com.tr\/index.php\/wp-json\/wp\/v2\/posts\/15559\/revisions"}],"wp:featuredmedia":[{"embeddable":true,"href":"https:\/\/akdenizhaber.com.tr\/index.php\/wp-json\/wp\/v2\/media\/15560"}],"wp:attachment":[{"href":"https:\/\/akdenizhaber.com.tr\/index.php\/wp-json\/wp\/v2\/media?parent=15559"}],"wp:term":[{"taxonomy":"category","embeddable":true,"href":"https:\/\/akdenizhaber.com.tr\/index.php\/wp-json\/wp\/v2\/categories?post=15559"},{"taxonomy":"post_tag","embeddable":true,"href":"https:\/\/akdenizhaber.com.tr\/index.php\/wp-json\/wp\/v2\/tags?post=15559"}],"curies":[{"name":"wp","href":"https:\/\/api.w.org\/{rel}","templated":true}]}}