{"id":15547,"date":"2023-09-11T13:39:30","date_gmt":"2023-09-11T10:39:30","guid":{"rendered":"https:\/\/akdenizhaber.com.tr\/?p=15547"},"modified":"2023-09-11T13:39:30","modified_gmt":"2023-09-11T10:39:30","slug":"ebru-ve-kece-sanati-bulgaristanda-tanitildi","status":"publish","type":"post","link":"https:\/\/akdenizhaber.com.tr\/index.php\/2023\/09\/11\/ebru-ve-kece-sanati-bulgaristanda-tanitildi\/","title":{"rendered":"Ebru ve ke\u00e7e sanat\u0131 Bulgaristan\u2019da tan\u0131t\u0131ld\u0131"},"content":{"rendered":"\n<p><\/p>\n\n\n\n<p>Muratpa\u015fa Belediyesi, Bulgaristan\u2019da d\u00fczenlenen 18. Uluslararas\u0131 Geleneksel Zanaatlar Festivali\u2019ne geleneksel T\u00fcrk sanatlar\u0131ndan ebru ve ke\u00e7eyi ta\u015f\u0131d\u0131.<\/p>\n\n\n\n<p>Bulgaristan Gabrovo Belediyesi ve M\u00fcze \u0130daresinin daveti \u00fczerine festivale Muratpa\u015fa Belediyesi ad\u0131na ebru sanat\u00e7\u0131s\u0131 Mukadder Kavas ve \u0131slak ke\u00e7e sanat\u00e7\u0131s\u0131 Yasemin Zaim kat\u0131ld\u0131. Ayn\u0131 zamanda Muratpa\u015fa Belediyesi\u2019nin 26-29 Ekim tarihlerinde 8\u2019incisini d\u00fczenleyece\u011fi Uluslararas\u0131 Kalei\u00e7i Old Town Festivali\u2019nin kat\u0131l\u0131mc\u0131 \u015fehirlerinden olan Gabrova\u2019da d\u00fczenlenen festivalde, 4 g\u00fcn s\u00fcresince ebru ve \u0131slak ke\u00e7e sanat\u0131 ziyaret\u00e7ilere tan\u0131t\u0131ld\u0131.<br>Geleneksel zanaatlar Festivali, Bulgaristan Cumhuriyeti B\u00fcy\u00fck Millet Meclisi Ba\u015fkanl\u0131\u011f\u0131 himayesinde ve Bulgaristan K\u00fclt\u00fcr Bakanl\u0131\u011f\u0131, Gabrovo Belediyesi ve ETAR B\u00f6lgesel A\u00e7\u0131khava Etnografya M\u00fczesi deste\u011fi ve idaresinde 1990 y\u0131l\u0131ndan beri d\u00fczenlenmektedir. Festival, uluslararas\u0131 i\u015fbirliklerini sivil toplum alan\u0131nda da geli\u015ftirmek, b\u00f6lgenin sanat geleneklerinin ve k\u00fclt\u00fcrel miras\u0131n\u0131n uluslararas\u0131 tan\u0131t\u0131m\u0131na katk\u0131 sa\u011flamak, sanat\u00e7\u0131 ve zanaatkarlara sanatlar\u0131n\u0131 icra edebilecekleri yeni olanaklar ve uluslararas\u0131 tecr\u00fcbe ve deneyim kazand\u0131rmak ama\u00e7lan\u0131yor.<\/p>\n\n\n\n<p>Muratpa\u015fa Belediyesi \/ B\u00fclten<\/p>\n","protected":false},"excerpt":{"rendered":"<p>Muratpa\u015fa Belediyesi, Bulgaristan\u2019da d\u00fczenlenen 18. Uluslararas\u0131 Geleneksel Zanaatlar Festivali\u2019ne geleneksel T\u00fcrk sanatlar\u0131ndan ebru ve ke\u00e7eyi ta\u015f\u0131d\u0131. Bulgaristan Gabrovo Belediyesi ve M\u00fcze \u0130daresinin daveti \u00fczerine festivale <a href=\"https:\/\/akdenizhaber.com.tr\/index.php\/2023\/09\/11\/ebru-ve-kece-sanati-bulgaristanda-tanitildi\/\" class=\"read-more-link\">[more&#8230;]<\/a><\/p>\n","protected":false},"author":2,"featured_media":15548,"comment_status":"open","ping_status":"open","sticky":false,"template":"","format":"standard","meta":{"footnotes":""},"categories":[2],"tags":[],"class_list":["post-15547","post","type-post","status-publish","format-standard","has-post-thumbnail","hentry","category-gundem"],"_links":{"self":[{"href":"https:\/\/akdenizhaber.com.tr\/index.php\/wp-json\/wp\/v2\/posts\/15547","targetHints":{"allow":["GET"]}}],"collection":[{"href":"https:\/\/akdenizhaber.com.tr\/index.php\/wp-json\/wp\/v2\/posts"}],"about":[{"href":"https:\/\/akdenizhaber.com.tr\/index.php\/wp-json\/wp\/v2\/types\/post"}],"author":[{"embeddable":true,"href":"https:\/\/akdenizhaber.com.tr\/index.php\/wp-json\/wp\/v2\/users\/2"}],"replies":[{"embeddable":true,"href":"https:\/\/akdenizhaber.com.tr\/index.php\/wp-json\/wp\/v2\/comments?post=15547"}],"version-history":[{"count":0,"href":"https:\/\/akdenizhaber.com.tr\/index.php\/wp-json\/wp\/v2\/posts\/15547\/revisions"}],"wp:featuredmedia":[{"embeddable":true,"href":"https:\/\/akdenizhaber.com.tr\/index.php\/wp-json\/wp\/v2\/media\/15548"}],"wp:attachment":[{"href":"https:\/\/akdenizhaber.com.tr\/index.php\/wp-json\/wp\/v2\/media?parent=15547"}],"wp:term":[{"taxonomy":"category","embeddable":true,"href":"https:\/\/akdenizhaber.com.tr\/index.php\/wp-json\/wp\/v2\/categories?post=15547"},{"taxonomy":"post_tag","embeddable":true,"href":"https:\/\/akdenizhaber.com.tr\/index.php\/wp-json\/wp\/v2\/tags?post=15547"}],"curies":[{"name":"wp","href":"https:\/\/api.w.org\/{rel}","templated":true}]}}