{"id":15515,"date":"2023-09-09T14:49:35","date_gmt":"2023-09-09T11:49:35","guid":{"rendered":"https:\/\/akdenizhaber.com.tr\/?p=15515"},"modified":"2023-09-11T02:36:09","modified_gmt":"2023-09-10T23:36:09","slug":"chp-100-yilini-coskuyla-kutladi","status":"publish","type":"post","link":"https:\/\/akdenizhaber.com.tr\/index.php\/2023\/09\/09\/chp-100-yilini-coskuyla-kutladi\/","title":{"rendered":"CHP 100. Y\u0131l\u0131n\u0131 Co\u015fkuyla Kutlad\u0131"},"content":{"rendered":"\n<p><\/p>\n\n\n\n<p>Cumhuriyet Halk Partisinin 100. kurulu\u015f y\u0131ld\u00f6n\u00fcm\u00fc nedeniyle CHP Manavgat \u0130l\u00e7e Ba\u015fkanl\u0131\u011f\u0131nca, ge\u00e7ti\u011fimiz Cumartesi g\u00fcn\u00fc Cumhuriyet&nbsp;meydan\u0131nda t\u00f6ren d\u00fczenlendi. 100. Y\u0131l kurulu\u015f t\u00f6renine Belediye Ba\u015fkan\u0131 \u015e\u00fckr\u00fc S\u00f6zen, CHP il\u00e7e Ba\u015fkan\u0131 Oykun Ba\u015far, \u0130l\u00e7e kad\u0131n kollar\u0131,gen\u00e7lik kollar\u0131,y\u00f6netim kurulu \u00fcyeleri ADD Ba\u015fkan\u0131 Ya\u015far Bulut ve CHP\u2019li \u00fcyeler kat\u0131ld\u0131.<\/p>\n\n\n\n<p>An\u0131ta \u00e7elenk konulmas\u0131yla ba\u015flayan t\u00f6rende, sayg\u0131 duru\u015funda bulunulmas\u0131n\u0131n ard\u0131ndan \u0130stiklal Mar\u015f\u0131 okundu. CHP Manavgat \u0130l\u00e7e Ba\u015fkan\u0131 Oykun Cumhuriyet kadar k\u00f6kl\u00fc, Gazi Mustafa Kemal Atat\u00fcrk\u2019\u00fcn emaneti olan CHP\u2019nin 100. kurulu\u015f y\u0131ld\u00f6n\u00fcm\u00fcn\u00fc kutlamaktan gurur duyduklar\u0131n\u0131 belirterek \u015f\u00f6yle konu\u015ftu<\/p>\n\n\n\n<p>\u201cBug\u00fcn Cumhuriyetimizi kuran, cumhuriyetimiz kadar k\u00f6kl\u00fc, \u00d6nderimiz Gazi Mustafa Kemal Atat\u00fcrk\u2019\u00fcn bizlere emaneti Cumhuriyet Halk Partisi\u2019nin 100. kurulu\u015f y\u0131ld\u00f6n\u00fcm\u00fcn\u00fc kutlamaktan gurur duyuyoruz.<\/p>\n\n\n\n<p>Bir milletin esaretten kurtulu\u015funa ve bir \u00fclkenin ba\u015ftan a\u015fa\u011f\u0131 yeniden kurulu\u015funa \u00f6nc\u00fcl\u00fck etmi\u015f bir partinin, miras\u0131n\u0131 bir asra dayam\u0131\u015f bu \u015ferefli demokrasi m\u00fccadelesinin par\u00e7as\u0131 olmaktan mutluluk duyuyoruz. D\u00fcn\u00fcn zorluklar\u0131yla b\u00fcy\u00fcyen Cumhuriyet Halk Partisi\u2019nin, yar\u0131n\u0131n idealleriyle daha da b\u00fcy\u00fcyece\u011fine olan inanc\u0131m\u0131z tamd\u0131r.<\/p>\n\n\n\n<p>B\u00fcy\u00fck Atat\u00fcrk; cumhuriyeti ilan etmeden 1922 Aral\u0131k\u2019\u0131nda \u201cBar\u0131\u015ftan sonra halk\u00e7\u0131l\u0131k esas\u0131 \u00fczerine dayanan ve Halk F\u0131rkas\u0131 ad\u0131yla siyasi bir f\u0131rka kurmak niyetindeyim\u201d diyerek; kurtulu\u015f Sava\u015f\u0131 sonras\u0131 \u00fclkemizin yeni bir y\u00f6netime kavu\u015fmas\u0131yla birlikte 9 Eyl\u00fcl 1923\u2019te T\u00fcrkiye\u2019nin ilk siyasi partisi olarak Cumhuriyet Halk Partisi kurmu\u015ftur.<\/p>\n\n\n\n<p>Partimiz, Ebedi Genel Ba\u015fkan\u0131m\u0131z Gazi Mustafa Kemal Atat\u00fcrk\u2019\u00fcn \u00f6nderli\u011finde toplumsal alanlarda ger\u00e7ekle\u015ftirdi\u011fi reformlarla \u00e7a\u011fda\u015f T\u00fcrkiye Cumhuriyeti\u2019ni bi\u00e7imlendirmi\u015ftir.<\/p>\n\n\n\n<p>Cumhuriyet Halk Partisi, Atat\u00fcrk\u2019\u00fcn izinde, topraklar\u0131m\u0131z\u0131n kutsall\u0131\u011f\u0131na ve milletimizin kay\u0131ts\u0131z \u015farts\u0131z egemenli\u011fine dayanan Cumhuriyetin as\u0131rl\u0131k yolculu\u011funa e\u015flik etmi\u015f bir partidir. \u00d6yle ki, d\u00fcnyada 100. ya\u015f\u0131na eri\u015fmi\u015f say\u0131l\u0131 siyasi partiden birisi olma \u015ferefine de sahiptir.<\/p>\n\n\n\n<p>Cumhuriyet Halk Partisi, 100 y\u0131ll\u0131k gelene\u011fi, siyasi birikimi ve tecr\u00fcbesiyle \u00e7a\u011fda\u015f T\u00fcrkiye\u2019nin en \u00f6nemli siyasi miraslar\u0131ndan biridir. Bu miras sadece bize de\u011fil; B\u00fcy\u00fck Atat\u00fcrk taraf\u0131ndan milletimizin her bir ferdine emanet edilmi\u015ftir.<\/p>\n\n\n\n<p>Biz, Cumhuriyet Halk Partililer olarak, bu kutsal miras\u0131n omuzlar\u0131m\u0131za y\u00fckledi\u011fi sorumlulu\u011fun fark\u0131nday\u0131z. \u00dclkemizin binlerce y\u0131ll\u0131k tarihi, k\u00fclt\u00fcrel ve siyasi zenginliklerini korumak ve gelecek nesillere aktarmak i\u00e7in d\u00fcn oldu\u011fu gibi bug\u00fcn de \u00e7al\u0131\u015fmaya devam edece\u011fiz. Bu b\u00fcy\u00fck co\u011frafyan\u0131n renklerini ve dokusunu kucaklayarak, \u00fclkemizin ulusal birli\u011fini ve de\u011ferlerini y\u00fcceltmeye devam edece\u011fiz.<\/p>\n\n\n\n<p>Cumhuriyet Halk Partisi; Cumhuriyetimizin kazan\u0131mlar\u0131n\u0131n hedef al\u0131nd\u0131\u011f\u0131, demokratik de\u011ferlerin yok say\u0131ld\u0131\u011f\u0131 ve bar\u0131nma, e\u011fitim, sa\u011fl\u0131k gibi temel haklar\u0131n bile yok say\u0131ld\u0131\u011f\u0131, her t\u00fcrl\u00fc m\u00fccadelenin ad\u0131d\u0131r\u201d dedi.<\/p>\n\n\n\n<p>(Haber Merkezi)<\/p>\n","protected":false},"excerpt":{"rendered":"<p>Cumhuriyet Halk Partisinin 100. kurulu\u015f y\u0131ld\u00f6n\u00fcm\u00fc nedeniyle CHP Manavgat \u0130l\u00e7e Ba\u015fkanl\u0131\u011f\u0131nca, ge\u00e7ti\u011fimiz Cumartesi g\u00fcn\u00fc Cumhuriyet&nbsp;meydan\u0131nda t\u00f6ren d\u00fczenlendi. 100. Y\u0131l kurulu\u015f t\u00f6renine Belediye Ba\u015fkan\u0131 \u015e\u00fckr\u00fc S\u00f6zen, <a href=\"https:\/\/akdenizhaber.com.tr\/index.php\/2023\/09\/09\/chp-100-yilini-coskuyla-kutladi\/\" class=\"read-more-link\">[more&#8230;]<\/a><\/p>\n","protected":false},"author":2,"featured_media":0,"comment_status":"open","ping_status":"open","sticky":false,"template":"","format":"standard","meta":{"footnotes":""},"categories":[2],"tags":[],"class_list":["post-15515","post","type-post","status-publish","format-standard","hentry","category-gundem"],"_links":{"self":[{"href":"https:\/\/akdenizhaber.com.tr\/index.php\/wp-json\/wp\/v2\/posts\/15515","targetHints":{"allow":["GET"]}}],"collection":[{"href":"https:\/\/akdenizhaber.com.tr\/index.php\/wp-json\/wp\/v2\/posts"}],"about":[{"href":"https:\/\/akdenizhaber.com.tr\/index.php\/wp-json\/wp\/v2\/types\/post"}],"author":[{"embeddable":true,"href":"https:\/\/akdenizhaber.com.tr\/index.php\/wp-json\/wp\/v2\/users\/2"}],"replies":[{"embeddable":true,"href":"https:\/\/akdenizhaber.com.tr\/index.php\/wp-json\/wp\/v2\/comments?post=15515"}],"version-history":[{"count":0,"href":"https:\/\/akdenizhaber.com.tr\/index.php\/wp-json\/wp\/v2\/posts\/15515\/revisions"}],"wp:attachment":[{"href":"https:\/\/akdenizhaber.com.tr\/index.php\/wp-json\/wp\/v2\/media?parent=15515"}],"wp:term":[{"taxonomy":"category","embeddable":true,"href":"https:\/\/akdenizhaber.com.tr\/index.php\/wp-json\/wp\/v2\/categories?post=15515"},{"taxonomy":"post_tag","embeddable":true,"href":"https:\/\/akdenizhaber.com.tr\/index.php\/wp-json\/wp\/v2\/tags?post=15515"}],"curies":[{"name":"wp","href":"https:\/\/api.w.org\/{rel}","templated":true}]}}