{"id":15513,"date":"2023-09-09T13:05:17","date_gmt":"2023-09-09T10:05:17","guid":{"rendered":"https:\/\/akdenizhaber.com.tr\/?p=15513"},"modified":"2023-09-11T02:36:09","modified_gmt":"2023-09-10T23:36:09","slug":"chp-100-yasinda","status":"publish","type":"post","link":"https:\/\/akdenizhaber.com.tr\/index.php\/2023\/09\/09\/chp-100-yasinda\/","title":{"rendered":"CHP 100 YA\u015eINDA.."},"content":{"rendered":"\n<p><\/p>\n\n\n\n<p>Cumhuriyet Halk Partisinin 100. Kurulu\u015f y\u0131ld\u00f6n\u00fcm\u00fc \u00fclke genelinde il ve il\u00e7e te\u015fkilatlar\u0131 ve genel merkezde d\u00fczenlenen t\u00f6renlerle kutlanmaya devam ediyor..<\/p>\n\n\n\n<p>Demokrasi \u015fenli\u011fi.. Demokrasi zaferi..<\/p>\n\n\n\n<p>Demokrasinin gere\u011fi diyerek nutuk atanlar ne yaz\u0131k ki; tek adam\u0131n y\u00f6r\u00fcngesine girdi..<\/p>\n\n\n\n<p>Y\u0131llard\u0131r Cumhurba\u015fkan\u0131 ve Ak Parti genel ba\u015fkan\u0131 Recep Tayyip Erdo\u011fan\u2019\u0131 tek adaml\u0131kla, diktat\u00f6rl\u00fckle su\u00e7lama yar\u0131\u015f\u0131na giren CHP\u2019liler maalesef kendi kellerini g\u00f6rmekten aciz bi\u00e7imde demokrasiden uzak bir 100. Y\u0131l kutlamas\u0131 ger\u00e7ekle\u015firdiler..<\/p>\n\n\n\n<p>Mustafa Kernal ATAT\u00dcRK\u2019 \u00dcN emaneti.. \u0130smet \u0130n\u00f6n\u00fc\u2019n\u00fcn.. Ecevit\u2019in.. Erdal \u0130n\u00f6n\u00fc\u2019n\u00fcn genel ba\u015fkanl\u0131klar\u0131nda demokrasinin be\u015fi\u011fi konumunda olan CHP i\u00e7in bug\u00fcn demokrasinin yan\u0131nda dememiz m\u00fcmk\u00fcn de\u011fildir.<\/p>\n\n\n\n<p>Ak Parti\u2019ye \u00f6zene \u00f6zene tam sa\u011fa kayan..<\/p>\n\n\n\n<p>Demokrasiden uzak tek adaml\u0131k y\u00f6netimine d\u00f6nen..<\/p>\n\n\n\n<p>Genel koltu\u011fa yap\u0131\u015f\u0131p gitmemekte direnen bir Kemal K\u0131l\u0131\u00e7daro\u011flu..<\/p>\n\n\n\n<p>\u00dclke genelinde CHP\u2019li belediye ba\u015fkanlar\u0131n\u0131n partiyi y\u00f6netmeleri kendi istekleri do\u011frultusunda CHP kongrelerinde liste \u00e7\u0131kararak ikinci listeye izin vermemeleri \u00fclke genelinde maalesef dikkat \u00e7eken unsurlar\u0131n ba\u015f\u0131nda yer almaktad\u0131r..<\/p>\n\n\n\n<p>Belediye ba\u015fkan\u0131n\u0131n haz\u0131rlad\u0131\u011f\u0131 listeyle il ve il\u00e7elerin y\u00f6netimleri ve ba\u015fkanlar\u0131 belirleniyor.<\/p>\n\n\n\n<p>Muhalif listeler se\u00e7ime sokulmuyor..<\/p>\n\n\n\n<p>Kongre sona erdikten sonra \u201cDemokrasi \u015e\u00f6leni\u201d nutuklar\u0131 at\u0131l\u0131yor..<\/p>\n\n\n\n<p>Rahmetli \u0130smet \u0130n\u00f6n\u00fc\u2019n\u00fcn deyimi ile:<\/p>\n\n\n\n<p>\u201cHadi can\u0131m sende\u201d\u2026<\/p>\n\n\n\n<p>Hadi..Hadi..<\/p>\n\n\n\n<p>Tek adaml\u0131k CHP\u2019ye yak\u0131\u015fmaz..<br>Belediye ba\u015fkanlar\u0131n\u0131n y\u00f6netti\u011fi il ve il\u00e7eler gelecek ad\u0131na bal yapmaz..<\/p>\n\n\n\n<p>Yakla\u015fan yerel se\u00e7imlerde CHP\u2019nin \u00f6n\u00fcne ne yaz\u0131k ki\u2026<\/p>\n\n\n\n<p>Demokrasi \u015f\u00f6leni dedikleri ger\u00e7eklerden uzak s\u00f6ylemler ortaya \u00e7\u0131kacakt\u0131r..<\/p>\n\n\n\n<p>CHP\u2019nin ger\u00e7ek sahipleri demokrasiye inanan on binlerce insan\u0131 k\u00fcst\u00fcrd\u00fcn\u00fcz!..<\/p>\n\n\n\n<p>Hani; \u201cZ\u201d ku\u015fa\u011f\u0131 dedi\u011finiz gen\u00e7lik var ya kendinizden uzakla\u015ft\u0131rd\u0131n\u0131z..<\/p>\n\n\n\n<p>Davulu da tokma\u011f\u0131 da ele al\u0131p, kendiniz \u00e7al\u0131p kendiniz s\u00f6yl\u00fcyorsunuz..<\/p>\n\n\n\n<p>CHP\u2019nin ger\u00e7ek sahiplerini saf d\u0131\u015f\u0131 yaparak, illa da tek adaml\u0131k diyorsan\u0131z..<\/p>\n\n\n\n<p>CHP\u2019yi 2024 y\u0131l\u0131nda yap\u0131lacak yerel se\u00e7imlerde b\u00fcy\u00fck bir tehlike bekliyor benden s\u00f6ylemesi.<\/p>\n\n\n\n<p>Haydi, kal\u0131n sa\u011fl\u0131cakla.<\/p>\n\n\n\n<p>Her \u015fey y\u00fcre\u011finize g\u00f6re olsun..<\/p>\n\n\n\n<p>\u201cHOPDED\u0130K<\/p>\n\n\n\n<p>CHP ..<\/p>\n\n\n\n<p>100 ya\u015f\u0131na gelmi\u015f,<\/p>\n\n\n\n<p>Koskoca \u00e7\u0131nar..<\/p>\n\n\n\n<p>H\u0131rs u\u011fruna ne yaz\u0131k ki<\/p>\n\n\n\n<p>Her g\u00fcn y\u0131prat\u0131l\u0131yor ve eriyor..<\/p>\n\n\n\n<p>Sonu hay\u0131r olur in\u015fallah..<\/p>\n","protected":false},"excerpt":{"rendered":"<p>Cumhuriyet Halk Partisinin 100. Kurulu\u015f y\u0131ld\u00f6n\u00fcm\u00fc \u00fclke genelinde il ve il\u00e7e te\u015fkilatlar\u0131 ve genel merkezde d\u00fczenlenen t\u00f6renlerle kutlanmaya devam ediyor.. Demokrasi \u015fenli\u011fi.. Demokrasi zaferi.. Demokrasinin <a href=\"https:\/\/akdenizhaber.com.tr\/index.php\/2023\/09\/09\/chp-100-yasinda\/\" class=\"read-more-link\">[more&#8230;]<\/a><\/p>\n","protected":false},"author":2,"featured_media":15003,"comment_status":"open","ping_status":"open","sticky":false,"template":"","format":"standard","meta":{"footnotes":""},"categories":[2],"tags":[],"class_list":["post-15513","post","type-post","status-publish","format-standard","has-post-thumbnail","hentry","category-gundem"],"_links":{"self":[{"href":"https:\/\/akdenizhaber.com.tr\/index.php\/wp-json\/wp\/v2\/posts\/15513","targetHints":{"allow":["GET"]}}],"collection":[{"href":"https:\/\/akdenizhaber.com.tr\/index.php\/wp-json\/wp\/v2\/posts"}],"about":[{"href":"https:\/\/akdenizhaber.com.tr\/index.php\/wp-json\/wp\/v2\/types\/post"}],"author":[{"embeddable":true,"href":"https:\/\/akdenizhaber.com.tr\/index.php\/wp-json\/wp\/v2\/users\/2"}],"replies":[{"embeddable":true,"href":"https:\/\/akdenizhaber.com.tr\/index.php\/wp-json\/wp\/v2\/comments?post=15513"}],"version-history":[{"count":0,"href":"https:\/\/akdenizhaber.com.tr\/index.php\/wp-json\/wp\/v2\/posts\/15513\/revisions"}],"wp:featuredmedia":[{"embeddable":true,"href":"https:\/\/akdenizhaber.com.tr\/index.php\/wp-json\/"}],"wp:attachment":[{"href":"https:\/\/akdenizhaber.com.tr\/index.php\/wp-json\/wp\/v2\/media?parent=15513"}],"wp:term":[{"taxonomy":"category","embeddable":true,"href":"https:\/\/akdenizhaber.com.tr\/index.php\/wp-json\/wp\/v2\/categories?post=15513"},{"taxonomy":"post_tag","embeddable":true,"href":"https:\/\/akdenizhaber.com.tr\/index.php\/wp-json\/wp\/v2\/tags?post=15513"}],"curies":[{"name":"wp","href":"https:\/\/api.w.org\/{rel}","templated":true}]}}