{"id":15497,"date":"2023-09-09T13:00:48","date_gmt":"2023-09-09T10:00:48","guid":{"rendered":"https:\/\/akdenizhaber.com.tr\/?p=15497"},"modified":"2023-09-11T02:36:09","modified_gmt":"2023-09-10T23:36:09","slug":"ankarada-gundem-degerlendirildi","status":"publish","type":"post","link":"https:\/\/akdenizhaber.com.tr\/index.php\/2023\/09\/09\/ankarada-gundem-degerlendirildi\/","title":{"rendered":"Ankara\u2019da g\u00fcndem de\u011ferlendirildi"},"content":{"rendered":"\n<p><\/p>\n\n\n\n<p>Konyaalt\u0131 Belediye Ba\u015fkan\u0131 Semih Esen, Cumhuriyet Halk Partisi (CHP) Genel Ba\u015fkan\u0131 Kemal K\u0131l\u0131\u00e7daro\u011flu\u2019nu ziyaret ederek hem projelerini anlatt\u0131 hem de Antalya\u2019n\u0131n g\u00fcndemini de\u011ferlendirdi.<\/p>\n\n\n\n<p>Ankara\u2019da CHP Genel Ba\u015fkan\u0131 Kemal K\u0131l\u0131\u00e7daro\u011flu ile bir araya gelen Konyaalt\u0131 Belediye Ba\u015fkan\u0131 Semih Esen, ziyaretin verimli ge\u00e7ti\u011fini kaydetti. Konyaalt\u0131\u2019nda hayata ge\u00e7irdikleri projeleri Genel Ba\u015fkan ile payla\u015ft\u0131klar\u0131n\u0131 ifade eden Ba\u015fkan Esen, altyap\u0131s\u0131n\u0131 haz\u0131rlad\u0131klar\u0131 projeler hakk\u0131nda da bilgi aktard\u0131\u011f\u0131n\u0131 dile getirdi. Ziyaret s\u0131ras\u0131nda \u00fclke g\u00fcndeminin yan\u0131 s\u0131ra Antalya g\u00fcndemini de konu\u015ftuklar\u0131n\u0131 belirten Esen, \u201cGenel Ba\u015fkan\u0131m\u0131zla verimli bir g\u00f6r\u00fc\u015fme ger\u00e7ekle\u015ftirdik. G\u00fcn ge\u00e7tik\u00e7e k\u00f6t\u00fcle\u015fen ekonominin halk\u0131m\u0131z\u0131n \u00fczerinde olu\u015fturdu\u011fu b\u00fcy\u00fck y\u00fck\u00fc hafifletmek ad\u0131na, yerel y\u00f6neticiler olarak neler yapt\u0131\u011f\u0131m\u0131z\u0131 Say\u0131n K\u0131l\u0131\u00e7daro\u011flu ile payla\u015ft\u0131k. Bunun yan\u0131nda kentimizin g\u00fcndemini de konu\u015ftuk. Cumhuriyet Halk Partisi olarak \u00fclkemizde ve kentimizde ya\u015fanan sorunlara \u00e7\u00f6z\u00fcm \u00fcretmeye devam edece\u011fiz. Bu s\u00fcre\u00e7te, yerelde yapt\u0131\u011f\u0131m\u0131z hizmetler \u00e7ok \u00f6nemli\u201d \u015feklinde konu\u015ftu.<\/p>\n\n\n\n<p>Konyaalt\u0131 Belediyesi \/ B\u00fclten<\/p>\n","protected":false},"excerpt":{"rendered":"<p>Konyaalt\u0131 Belediye Ba\u015fkan\u0131 Semih Esen, Cumhuriyet Halk Partisi (CHP) Genel Ba\u015fkan\u0131 Kemal K\u0131l\u0131\u00e7daro\u011flu\u2019nu ziyaret ederek hem projelerini anlatt\u0131 hem de Antalya\u2019n\u0131n g\u00fcndemini de\u011ferlendirdi. Ankara\u2019da CHP <a href=\"https:\/\/akdenizhaber.com.tr\/index.php\/2023\/09\/09\/ankarada-gundem-degerlendirildi\/\" class=\"read-more-link\">[more&#8230;]<\/a><\/p>\n","protected":false},"author":2,"featured_media":15498,"comment_status":"open","ping_status":"open","sticky":false,"template":"","format":"standard","meta":{"footnotes":""},"categories":[2],"tags":[],"class_list":["post-15497","post","type-post","status-publish","format-standard","has-post-thumbnail","hentry","category-gundem"],"_links":{"self":[{"href":"https:\/\/akdenizhaber.com.tr\/index.php\/wp-json\/wp\/v2\/posts\/15497","targetHints":{"allow":["GET"]}}],"collection":[{"href":"https:\/\/akdenizhaber.com.tr\/index.php\/wp-json\/wp\/v2\/posts"}],"about":[{"href":"https:\/\/akdenizhaber.com.tr\/index.php\/wp-json\/wp\/v2\/types\/post"}],"author":[{"embeddable":true,"href":"https:\/\/akdenizhaber.com.tr\/index.php\/wp-json\/wp\/v2\/users\/2"}],"replies":[{"embeddable":true,"href":"https:\/\/akdenizhaber.com.tr\/index.php\/wp-json\/wp\/v2\/comments?post=15497"}],"version-history":[{"count":0,"href":"https:\/\/akdenizhaber.com.tr\/index.php\/wp-json\/wp\/v2\/posts\/15497\/revisions"}],"wp:featuredmedia":[{"embeddable":true,"href":"https:\/\/akdenizhaber.com.tr\/index.php\/wp-json\/"}],"wp:attachment":[{"href":"https:\/\/akdenizhaber.com.tr\/index.php\/wp-json\/wp\/v2\/media?parent=15497"}],"wp:term":[{"taxonomy":"category","embeddable":true,"href":"https:\/\/akdenizhaber.com.tr\/index.php\/wp-json\/wp\/v2\/categories?post=15497"},{"taxonomy":"post_tag","embeddable":true,"href":"https:\/\/akdenizhaber.com.tr\/index.php\/wp-json\/wp\/v2\/tags?post=15497"}],"curies":[{"name":"wp","href":"https:\/\/api.w.org\/{rel}","templated":true}]}}