{"id":15488,"date":"2023-09-09T12:53:29","date_gmt":"2023-09-09T09:53:29","guid":{"rendered":"https:\/\/akdenizhaber.com.tr\/?p=15488"},"modified":"2023-09-11T02:36:09","modified_gmt":"2023-09-10T23:36:09","slug":"doga-dostu-yatirimlar-suruyor","status":"publish","type":"post","link":"https:\/\/akdenizhaber.com.tr\/index.php\/2023\/09\/09\/doga-dostu-yatirimlar-suruyor\/","title":{"rendered":"Do\u011fa Dostu Yat\u0131r\u0131mlar S\u00fcr\u00fcyor"},"content":{"rendered":"\n<p><\/p>\n\n\n\n<p>\u00c7evre ve do\u011fa dostu \u00e7al\u0131\u015fmalar\u0131yla \u00f6ne \u00e7\u0131kan Antalya B\u00fcy\u00fck\u015fehir Belediyesi, kurdu\u011fu g\u00fcne\u015f enerji santralleri ile hem \u00e7evreyi koruyor hem de belediye b\u00fct\u00e7esine ekonomik katk\u0131 sa\u011fl\u0131yor. Korkuteli Bozova\u2019da yap\u0131m\u0131 tamamlanan GES 3 ve GES 4 enerji santralleri elektrik \u00fcretimine ba\u015flad\u0131. Bu santrallerle birlikte Antalya B\u00fcy\u00fck\u015fehir Belediyesi ASAT Genel M\u00fcd\u00fcrl\u00fc\u011f\u00fc\u2019n\u00fcn kurulu g\u00fcc\u00fc 4 MW&#8217;a ula\u015ft\u0131.<\/p>\n\n\n\n<p>Antalya B\u00fcy\u00fck\u015fehir Belediyesi \u00e7evreci yat\u0131r\u0131mlar\u0131na devam ediyor. ASAT Genel M\u00fcd\u00fcrl\u00fc\u011f\u00fc taraf\u0131ndan Korkuteli \u0130l\u00e7esi Bozova Mahallesi 264 ada 1 parselde yakla\u015f\u0131k 54 d\u00f6n\u00fcm \u00fczerine kurulan ve her biri 1 megavat g\u00fcc\u00fcnde olan 4 adet GES projesi tamamland\u0131. GES 1 santrali 2020 y\u0131l\u0131nda, GES 2 santrali 2022 y\u0131l\u0131nda devreye al\u0131narak elektrik \u00fcretimine ba\u015flad\u0131. Yap\u0131m\u0131 ge\u00e7ti\u011fimiz g\u00fcnlerde tamamlanan GES 3 ve GES 4 santralleri de elektrik enerjisi \u00fcretimine ba\u015flad\u0131.<\/p>\n\n\n\n<p>EN B\u00dcY\u00dcK G\u0130DER ELEKTR\u0130K<\/p>\n\n\n\n<p>ASAT Genel M\u00fcd\u00fcrl\u00fc\u011f\u00fc Enerji Y\u00f6netimi \u015eube M\u00fcd\u00fcrl\u00fc\u011f\u00fc\u2019nde g\u00f6revli Enerji Sistemleri M\u00fchendisi Elif Demir, Antalya B\u00fcy\u00fck\u015fehir Belediyesi ASAT Genel M\u00fcd\u00fcrl\u00fc\u011f\u00fc\u2019n\u00fcn i\u00e7me suyu ve at\u0131ksu hizmetlerini eksiksiz ve sa\u011fl\u0131kl\u0131 \u015fekilde s\u00fcrd\u00fcrebilmek i\u00e7in b\u00fcy\u00fck oranda elektrik enerjisi t\u00fcketti\u011fini s\u00f6yledi. En b\u00fcy\u00fck i\u015fletme kalemleri i\u00e7erisinde elektrik enerjisinin yer ald\u0131\u011f\u0131n\u0131 belirten Demir, \u201cElektrik enerjisi maliyetlerimizi d\u00fc\u015f\u00fcrebilmek i\u00e7in yenilenebilir enerji kaynaklar\u0131na dayal\u0131 elektrik \u00fcretim santralleri planland\u0131. Bunlar\u0131n ba\u015f\u0131nda G\u00fcne\u015f Enerji Santralleri gelmektedir. Korkuteli \u0130l\u00e7esi Bozova Mahallesi 264 ada 1 parselde yakla\u015f\u0131k 54 d\u00f6n\u00fcm \u00fczerine her biri 1 megavat g\u00fcc\u00fcnde 4 adet GES planlanm\u0131\u015ft\u0131r. GES 1 santralimiz 2020 y\u0131l\u0131nda ve GES 2 santralimiz 2022 y\u0131l\u0131nda devreye al\u0131narak elektrik \u00fcretimine ba\u015flam\u0131\u015ft\u0131r\u201d dedi.<\/p>\n\n\n\n<p>YILLIK 15 M\u0130LYON TL EKONOM\u0130K KATKI<\/p>\n\n\n\n<p>Ayn\u0131 alan \u00fczerinde yap\u0131m\u0131 tamamlanan GES 3 ve GES 4 santralleri de elektrik enerjisi \u00fcretimine ba\u015flad\u0131. Korkuteli Bozova\u2019da ASAT Genel M\u00fcd\u00fcrl\u00fc\u011f\u00fc taraf\u0131ndan hayata ge\u00e7irilen her biri 1 Megawat g\u00fcc\u00fcnde olan4 GES tesisi ile y\u0131lda yakla\u015f\u0131k 8.5 milyon kW saat elektrik enerjisi \u00fcretilmesi planlan\u0131yor. Bu da y\u0131lda en az 15 milyon TL ekonomik katk\u0131 anlam\u0131na geliyor. Bu sayede ASAT Genel M\u00fcd\u00fcrl\u00fc\u011f\u00fc\u2019n\u00fcn elektrik enerjisi maliyetlerinin d\u00fc\u015f\u00fcr\u00fclmesi, elde edilen ekonomik faydan\u0131n hizmetlere ve birim maliyetlerine olumlu y\u00f6nde yans\u0131mas\u0131 hedefleniyor.<\/p>\n\n\n\n<p>DO\u011eA DOSTU YATIRIMLAR S\u00dcR\u00dcYOR<\/p>\n\n\n\n<p>G\u00fcne\u015f Enerji Santrallerinin \u00e7evreye olan katk\u0131lar\u0131ndan s\u00f6z eden Demir, \u201cAntalya B\u00fcy\u00fck\u015fehir Belediyesi karbon emisyonuna dayal\u0131 iklim de\u011fi\u015fikli\u011finin etkilerini azaltmak i\u00e7in d\u00fc\u015f\u00fck karbonlu bir gelecek i\u00e7in do\u011fa dostu yat\u0131r\u0131mlar\u0131na devam ediyor. Fosil yak\u0131t yerine yenilenebilir enerji kayna\u011f\u0131 olan g\u00fcne\u015f enerjisine dayal\u0131 8,5 milyon kW elektrik enerjisi \u00fcretimiyle y\u0131lda yakla\u015f\u0131k 4 bin ton karbon emisyonu engellenmi\u015f olacak.&nbsp; Bu da yakla\u015f\u0131k 300 bin adet a\u011fac\u0131n karbondioksit emilimine denk gelmektedir. G\u00fcne\u015f Enerji Santralleri karbon emisyonuna dayal\u0131 iklim de\u011fi\u015fikli\u011finin etkilerinin azalt\u0131lmas\u0131na destek olan \u00e7evreci proje ve yat\u0131r\u0131mlard\u0131r\u201d diye konu\u015ftu.<\/p>\n\n\n\n<p>Antalya B\u00fcy\u00fck\u015fehir Belediyesi \/ B\u00fclten<\/p>\n","protected":false},"excerpt":{"rendered":"<p>\u00c7evre ve do\u011fa dostu \u00e7al\u0131\u015fmalar\u0131yla \u00f6ne \u00e7\u0131kan Antalya B\u00fcy\u00fck\u015fehir Belediyesi, kurdu\u011fu g\u00fcne\u015f enerji santralleri ile hem \u00e7evreyi koruyor hem de belediye b\u00fct\u00e7esine ekonomik katk\u0131 sa\u011fl\u0131yor. <a href=\"https:\/\/akdenizhaber.com.tr\/index.php\/2023\/09\/09\/doga-dostu-yatirimlar-suruyor\/\" class=\"read-more-link\">[more&#8230;]<\/a><\/p>\n","protected":false},"author":2,"featured_media":15489,"comment_status":"open","ping_status":"open","sticky":false,"template":"","format":"standard","meta":{"footnotes":""},"categories":[2],"tags":[],"class_list":["post-15488","post","type-post","status-publish","format-standard","has-post-thumbnail","hentry","category-gundem"],"_links":{"self":[{"href":"https:\/\/akdenizhaber.com.tr\/index.php\/wp-json\/wp\/v2\/posts\/15488","targetHints":{"allow":["GET"]}}],"collection":[{"href":"https:\/\/akdenizhaber.com.tr\/index.php\/wp-json\/wp\/v2\/posts"}],"about":[{"href":"https:\/\/akdenizhaber.com.tr\/index.php\/wp-json\/wp\/v2\/types\/post"}],"author":[{"embeddable":true,"href":"https:\/\/akdenizhaber.com.tr\/index.php\/wp-json\/wp\/v2\/users\/2"}],"replies":[{"embeddable":true,"href":"https:\/\/akdenizhaber.com.tr\/index.php\/wp-json\/wp\/v2\/comments?post=15488"}],"version-history":[{"count":0,"href":"https:\/\/akdenizhaber.com.tr\/index.php\/wp-json\/wp\/v2\/posts\/15488\/revisions"}],"wp:featuredmedia":[{"embeddable":true,"href":"https:\/\/akdenizhaber.com.tr\/index.php\/wp-json\/"}],"wp:attachment":[{"href":"https:\/\/akdenizhaber.com.tr\/index.php\/wp-json\/wp\/v2\/media?parent=15488"}],"wp:term":[{"taxonomy":"category","embeddable":true,"href":"https:\/\/akdenizhaber.com.tr\/index.php\/wp-json\/wp\/v2\/categories?post=15488"},{"taxonomy":"post_tag","embeddable":true,"href":"https:\/\/akdenizhaber.com.tr\/index.php\/wp-json\/wp\/v2\/tags?post=15488"}],"curies":[{"name":"wp","href":"https:\/\/api.w.org\/{rel}","templated":true}]}}