{"id":15464,"date":"2023-09-08T12:51:07","date_gmt":"2023-09-08T09:51:07","guid":{"rendered":"https:\/\/akdenizhaber.com.tr\/?p=15464"},"modified":"2023-09-11T02:36:09","modified_gmt":"2023-09-10T23:36:09","slug":"chp-antalya-milletvekili-aliye-cosar-krizin-faturasini-vatandas-degil-akp-odemeli","status":"publish","type":"post","link":"https:\/\/akdenizhaber.com.tr\/index.php\/2023\/09\/08\/chp-antalya-milletvekili-aliye-cosar-krizin-faturasini-vatandas-degil-akp-odemeli\/","title":{"rendered":"CHP Antalya Milletvekili Aliye Co\u015far; \u201c Krizin Faturas\u0131n\u0131 Vatanda\u015f De\u011fil, AKP \u00d6demeli\u201d"},"content":{"rendered":"\n<p><\/p>\n\n\n\n<p>CHP Antalya Milletvekili Aliye Co\u015far, T\u00dc\u0130K\u2019in a\u00e7\u0131klad\u0131\u011f\u0131 son A\u011fustos ay\u0131 ayl\u0131k enflasyon oran\u0131n ilk kez son iki y\u0131lda ba\u011f\u0131ms\u0131z ara\u015ft\u0131rma kurulu\u015flar\u0131ndan yar\u0131m puan fazla olmas\u0131 sonucu ge\u00e7mi\u015f d\u00f6nemdeki enflasyon oranlar\u0131n\u0131n tekrar revize edilmesi ve memur, emekli \u00fccretlerindeki art\u0131\u015f\u0131n yeniden de\u011ferlendirilmesini verdi\u011fi soru \u00f6nergesi ile TBMM g\u00fcndemine ta\u015f\u0131d\u0131.<\/p>\n\n\n\n<p>CHP\u2019li Co\u015far verdi\u011fi soru \u00f6nergesi sonras\u0131 yapt\u0131\u011f\u0131 a\u00e7\u0131klamada \u015fu ifadeleri kulland\u0131;<\/p>\n\n\n\n<p>BASKI NEDEN\u0130YLE YANLI\u015eLIK YAPILDIYSA MAA\u015e ZAMLARI TEKRAR D\u00dcZENLENMEL\u0130<\/p>\n\n\n\n<p>\u201cT\u00fcrkiye \u0130statistik Kurumu (T\u00dc\u0130K) ve Enflasyon Ara\u015ft\u0131rma Grubu (ENAG) a\u011fustos ay\u0131na ili\u015fkin enflasyon verilerini a\u00e7\u0131klad\u0131. T\u00dc\u0130K&#8217;e g\u00f6re a\u011fustosta ayl\u0131k enflasyon y\u00fczde 9,09, ENAG ise a\u011fustosta ayl\u0131k enflasyonu y\u00fczde 8,59 olarak a\u00e7\u0131klad\u0131. Merkez Bankas\u0131 Ba\u015fkan\u0131\u2019n\u0131n 2023 y\u0131l sonu enflasyon tahminini y\u00fczde 58\u2019e y\u00fckseltmesi a\u00e7\u0131klamas\u0131ndan sonra, T\u00dc\u0130K son iki y\u0131lda ilk defa ENAG verilerinden fazla bir a\u00e7\u0131klama yapm\u0131\u015ft\u0131r. Bu durumunda mevcut bakan ve Merkez Bankas\u0131\u2019n\u0131n T\u00dc\u0130K\u2019e bask\u0131 yapmamas\u0131, bundan \u00f6nceki iki y\u0131lda ise d\u00f6nemin bakanlar\u0131 ve Merkez Bankas\u0131 y\u00f6netiminin kuruma bask\u0131 yapt\u0131\u011f\u0131 iddialar\u0131n\u0131 g\u00fcndeme getirmi\u015ftir.\u201d<\/p>\n\n\n\n<p>EKONOM\u0130K KR\u0130Z\u0130N FATURASINI VATANDA\u015e DE\u011e\u0130L, AKP \u00d6DEMEL\u0130<\/p>\n\n\n\n<p>\u201cMilyonlarca memur ve emeklinin maa\u015f art\u0131\u015flar\u0131nda enflasyon verileri dikkate al\u0131nmaktad\u0131r, T\u00dc\u0130K\u2019in 2023 a\u011fustos ayl\u0131k enflasyon verisi g\u00f6z \u00f6n\u00fcne al\u0131nd\u0131\u011f\u0131nda ge\u00e7mi\u015fe y\u00f6nelik son iki y\u0131ldaki enflasyon verileri tekrar hesaplanmal\u0131, tekrar hesaplanmas\u0131 sonucunda yanl\u0131\u015fl\u0131k var ise yeni veriler neticesinde i\u015f\u00e7i, memur ve emekli maa\u015flar\u0131ndaki yanl\u0131\u015fl\u0131klar d\u00fczeltilmelidir. T\u00dc\u0130K\u2019in d\u00fc\u015f\u00fck verileri y\u00fcz\u00fcnden milyonlarca \u00e7al\u0131\u015fan\u0131n \u00fccretleri enflasyona yenik d\u00fc\u015fm\u00fc\u015ft\u00fcr. AKP\u2019nin son iki y\u0131lda ekonomi politikalar\u0131n\u0131n sonucu olarak \u00e7\u0131kan faturay\u0131 vatanda\u015f de\u011fil, bir gecede Merkez Bankas\u0131\u2019n\u0131n d\u00f6viz rezervini eritenler, Kur Korumal\u0131 Mevduat Hesab\u0131 fikri ile krizi derinle\u015ftirenler \u00f6demelidir.\u201d&nbsp;<\/p>\n\n\n\n<p>(B\u00fc\u015fra Deveci)<\/p>\n","protected":false},"excerpt":{"rendered":"<p>CHP Antalya Milletvekili Aliye Co\u015far, T\u00dc\u0130K\u2019in a\u00e7\u0131klad\u0131\u011f\u0131 son A\u011fustos ay\u0131 ayl\u0131k enflasyon oran\u0131n ilk kez son iki y\u0131lda ba\u011f\u0131ms\u0131z ara\u015ft\u0131rma kurulu\u015flar\u0131ndan yar\u0131m puan fazla olmas\u0131 <a href=\"https:\/\/akdenizhaber.com.tr\/index.php\/2023\/09\/08\/chp-antalya-milletvekili-aliye-cosar-krizin-faturasini-vatandas-degil-akp-odemeli\/\" class=\"read-more-link\">[more&#8230;]<\/a><\/p>\n","protected":false},"author":2,"featured_media":15465,"comment_status":"open","ping_status":"open","sticky":false,"template":"","format":"standard","meta":{"footnotes":""},"categories":[2],"tags":[],"class_list":["post-15464","post","type-post","status-publish","format-standard","has-post-thumbnail","hentry","category-gundem"],"_links":{"self":[{"href":"https:\/\/akdenizhaber.com.tr\/index.php\/wp-json\/wp\/v2\/posts\/15464","targetHints":{"allow":["GET"]}}],"collection":[{"href":"https:\/\/akdenizhaber.com.tr\/index.php\/wp-json\/wp\/v2\/posts"}],"about":[{"href":"https:\/\/akdenizhaber.com.tr\/index.php\/wp-json\/wp\/v2\/types\/post"}],"author":[{"embeddable":true,"href":"https:\/\/akdenizhaber.com.tr\/index.php\/wp-json\/wp\/v2\/users\/2"}],"replies":[{"embeddable":true,"href":"https:\/\/akdenizhaber.com.tr\/index.php\/wp-json\/wp\/v2\/comments?post=15464"}],"version-history":[{"count":0,"href":"https:\/\/akdenizhaber.com.tr\/index.php\/wp-json\/wp\/v2\/posts\/15464\/revisions"}],"wp:featuredmedia":[{"embeddable":true,"href":"https:\/\/akdenizhaber.com.tr\/index.php\/wp-json\/"}],"wp:attachment":[{"href":"https:\/\/akdenizhaber.com.tr\/index.php\/wp-json\/wp\/v2\/media?parent=15464"}],"wp:term":[{"taxonomy":"category","embeddable":true,"href":"https:\/\/akdenizhaber.com.tr\/index.php\/wp-json\/wp\/v2\/categories?post=15464"},{"taxonomy":"post_tag","embeddable":true,"href":"https:\/\/akdenizhaber.com.tr\/index.php\/wp-json\/wp\/v2\/tags?post=15464"}],"curies":[{"name":"wp","href":"https:\/\/api.w.org\/{rel}","templated":true}]}}