{"id":15458,"date":"2023-09-08T12:49:34","date_gmt":"2023-09-08T09:49:34","guid":{"rendered":"https:\/\/akdenizhaber.com.tr\/?p=15458"},"modified":"2023-09-08T12:49:34","modified_gmt":"2023-09-08T09:49:34","slug":"mebden-yeni-kararlar","status":"publish","type":"post","link":"https:\/\/akdenizhaber.com.tr\/index.php\/2023\/09\/08\/mebden-yeni-kararlar\/","title":{"rendered":"MEB\u2019den yeni kararlar\u2026."},"content":{"rendered":"\n<p><\/p>\n\n\n\n<p><strong>50 ba\u015far\u0131 puan\u0131 s\u0131n\u0131f ge\u00e7meye yeterli olmayacak<\/strong><\/p>\n\n\n\n<p><strong><em>Lisede 50 puan ortalamayla s\u0131n\u0131f ge\u00e7ilemeyecek, alt s\u0131n\u0131f dahil 6 derste ba\u015far\u0131s\u0131z olan \u00f6\u011frenci s\u0131n\u0131f tekrar\u0131 yapacak. Mazeretsiz 10 g\u00fcn devams\u0131zl\u0131k yapan da s\u0131n\u0131fta kalacak.<\/em><\/strong><\/p>\n\n\n\n<p>Mill\u00ee E\u011fitim Bakanl\u0131\u011f\u0131 Orta\u00f6\u011fretim Kurumlar\u0131 Y\u00f6netmeli\u011finde De\u011fi\u015fiklik Yap\u0131lmas\u0131na Dair Y\u00f6netmelik Resmi Gazetede yay\u0131mlanarak y\u00fcr\u00fcrl\u00fc\u011fe girdi.<\/p>\n\n\n\n<p>Orta\u00f6\u011fretim Kurumlar\u0131 Y\u00f6netmeli\u011finde De\u011fi\u015fiklik Yap\u0131lmas\u0131na Dair Y\u00f6netmelik uyar\u0131nca devams\u0131zl\u0131k ve ba\u015far\u0131s\u0131zl\u0131k nedeniyle s\u0131n\u0131f tekrar\u0131 riski ta\u015f\u0131yan \u00f6\u011frencilere y\u00f6nelik \u00e7al\u0131\u015fmalar\u0131 ger\u00e7ekle\u015ftirmek amac\u0131yla &#8220;\u00f6nleme, m\u00fcdahale ve y\u00f6nlendirme komisyonu&#8221; kuruldu.<\/p>\n\n\n\n<p>Art arda iki g\u00fcn \u00f6z\u00fcrs\u00fcz devams\u0131zl\u0131k yapan \u00f6\u011frencinin durumu posta, e-posta veya di\u011fer ileti\u015fim ara\u00e7lar\u0131yla velisine bildirilecek, veli okula davet edilerek \u00f6\u011frencinin durumu hakk\u0131nda bilgilendirilecek ve varsa \u00f6z\u00fcr belgesini okul y\u00f6netimine teslim etmesi istenecek.<\/p>\n\n\n\n<p>Devams\u0131zl\u0131k s\u00fcresi \u00f6z\u00fcrs\u00fcz 10 g\u00fcn\u00fc, toplam 30 g\u00fcn\u00fc a\u015fan \u00f6\u011frenciler, ders puanlar\u0131 ne olursa olsun ba\u015far\u0131s\u0131z say\u0131lacak ve durumlar\u0131 yaz\u0131l\u0131 olarak velilerine bildirilecek.<\/p>\n\n\n\n<p>Birinci dereceden yak\u0131n\u0131n\u0131 kaybedenlerin \u00f6z\u00fcrs\u00fcz devams\u0131zl\u0131k s\u00fcresi olan 10 g\u00fcn\u00fc ge\u00e7memek kayd\u0131yla toplam devams\u0131zl\u0131k s\u00fcresi 40 g\u00fcn olacak.<\/p>\n\n\n\n<p>\u00d6nleme, m\u00fcdahale ve y\u00f6nlendirme komisyonu, devams\u0131zl\u0131k yapan ve s\u0131n\u0131f tekrar\u0131 riski bulunan \u00f6\u011frenci velisini devams\u0131zl\u0131\u011f\u0131n 5&#8217;inci g\u00fcn\u00fcnde okula davet edecek, devams\u0131zl\u0131k nedenlerini ortadan kald\u0131r\u0131c\u0131 \u00e7al\u0131\u015fmalar\u0131 i\u015fbirli\u011fi i\u00e7inde yapacak.<\/p>\n\n\n\n<p>\u00d6z\u00fcrs\u00fcz olarak yap\u0131lan her bir devams\u0131zl\u0131k g\u00fcn\u00fc, haftal\u0131k ders \u00e7izelgesinde belirtilen sosyal sorumluluk \u00e7al\u0131\u015fmalar\u0131 i\u00e7in \u00f6ng\u00f6r\u00fclen s\u00fcreye bir saat olarak ayr\u0131ca eklenecek.<\/p>\n\n\n\n<p>Mesleki e\u011fitim merkezinde \u00f6\u011frenim hakk\u0131 bulunmayanlardan zorunlu e\u011fitime tabi olanlar ise veli ve \u00f6\u011frenci talebi de dikkate al\u0131narak a\u00e7\u0131k \u00f6\u011fretim lisesi, mesleki a\u00e7\u0131k \u00f6\u011fretim lisesi veya a\u00e7\u0131k \u00f6\u011fretim imam hatip lisesine y\u00f6nlendirilerek kay\u0131tlar\u0131 yap\u0131lacak.<\/p>\n\n\n\n<p>\u00d6\u011frencilerin okula aidiyetlerinin art\u0131r\u0131lmas\u0131 ve okula devam\u0131n sa\u011flanmas\u0131 ama\u00e7lanarak \u00f6z\u00fcrs\u00fcz olarak yap\u0131lan her bir devams\u0131zl\u0131k g\u00fcn\u00fc haftal\u0131k ders \u00e7izelgesinde belirtilen sosyal sorumluluk \u00e7al\u0131\u015fmalar\u0131 i\u00e7in \u00f6n g\u00f6r\u00fclen s\u00fcreye bir saat olarak ayr\u0131ca eklenecek.<\/p>\n\n\n\n<p>Yatarak tedaviyi gerektiren hallerde sa\u011fl\u0131k kurumlar\u0131nca verilen raporlar\u0131n s\u00fcresi mevcut devams\u0131zl\u0131k toplam\u0131 olan s\u00fcreyi a\u015fan durumlar i\u00e7in de yeni h\u00fck\u00fcm getirildi.<\/p>\n\n\n\n<p>Buna g\u00f6re, bu gibi durumlarda hak kay\u0131plar\u0131n\u0131n \u00f6nlenmesi amac\u0131yla yatarak tedavi gerektiren durumlarda \u00f6\u011frencilerin devams\u0131zl\u0131k s\u00fcrelerinin kontrol kay\u0131tl\u0131 s\u00fcrekli tedaviyi ya da organ naklini gerektiren hastal\u0131\u011f\u0131 bulunan \u00f6\u011frencilerde oldu\u011fu gibi devams\u0131zl\u0131k s\u00fcresi 60 g\u00fcn olacak.<\/p>\n\n\n\n<p><strong>A\u00e7\u0131k liseye ge\u00e7i\u015fler zorla\u015ft\u0131r\u0131ld\u0131<\/strong><\/p>\n\n\n\n<p>Y\u00f6netmelik ile milli sporcular, kayna\u015ft\u0131rma \u00f6\u011frencileri, koruma kanunu kapsam\u0131ndaki \u00f6\u011frenciler, \u015fehit ve gazi \u00e7ocuklar\u0131, Bakanl\u0131k\u00e7a mazereti uygun g\u00f6r\u00fclenler ile y\u00f6netmeli\u011fin ilgili h\u00fck\u00fcmlerine g\u00f6re \u00f6rg\u00fcn orta\u00f6\u011fretim kurumlar\u0131nda okuma hakk\u0131n\u0131 kaybeden \u00f6\u011frenciler gibi istisnalar d\u0131\u015f\u0131nda a\u00e7\u0131k liseye nakil ve ge\u00e7i\u015fler yap\u0131lamayacak.<\/p>\n\n\n\n<p><strong>50 ba\u015far\u0131 puan\u0131 s\u0131n\u0131f ge\u00e7mek i\u00e7in yeterli olmayacak<\/strong><\/p>\n\n\n\n<p>Y\u00f6netmelik ile liselerde s\u0131n\u0131f ge\u00e7me maddelerinde bir dizi d\u00fczenleme daha yap\u0131ld\u0131. Buna g\u00f6re, daha \u00f6nce bir \u00fcst s\u0131n\u0131fa ge\u00e7i\u015fler i\u00e7in gerekli 50 ortalama art\u0131k yeterli olmayacak.<\/p>\n\n\n\n<p>\u00d6\u011frencilerin s\u0131n\u0131f ge\u00e7melerine y\u00f6nelik, derslere ili\u015fkin yeterlilik ve kazan\u0131mlara sahip olarak e\u011fitim ve \u00f6\u011fretim s\u00fcre\u00e7lerini tamamlamalar\u0131n\u0131 sa\u011flamak amac\u0131yla y\u0131lsonu ba\u015far\u0131 puan\u0131 50 olmak kayd\u0131yla en fazla 1 dersten ba\u015far\u0131s\u0131z dersi bulunanlar do\u011frudan bir \u00fcst s\u0131n\u0131fa ge\u00e7ebilecek.<\/p>\n\n\n\n<p>Yeni ders ortalamas\u0131 50 olan \u00f6\u011frencilerden en fazla 3 dersten ba\u015far\u0131s\u0131z olanlar, sorumlu olarak bir \u00fcst s\u0131n\u0131fa ge\u00e7ebilecek. Y\u00f6netmeli\u011fe g\u00f6re liselerde 4 ders ve \u00fczeri zay\u0131f\u0131 olan \u00f6\u011frenciler s\u0131n\u0131f tekrar\u0131 yapacak.<\/p>\n\n\n\n<p>Bu uygulama, 2023-2024 e\u011fitim ve \u00f6\u011fretim y\u0131l\u0131ndan itibaren kademeli olarak uygulanacak. Bu kapsamda bu y\u0131l liseye ba\u015flayan 9&#8217;uncu s\u0131n\u0131f \u00f6\u011frencilerine yeni y\u00f6netmelik h\u00fck\u00fcmleri uygulanacak, di\u011fer s\u0131n\u0131flar i\u00e7in eski uygulama s\u00fcrecek.<\/p>\n\n\n\n<p>e-Okul sisteminde sorumluluk s\u0131navlar\u0131na kat\u0131lmas\u0131 gereken \u00f6\u011frencilerin bilgileri esas al\u0131narak yap\u0131lan planlamalarda okuldan mezun olamayarak beklemeli durumdaki 12&#8217;nci s\u0131n\u0131f \u00f6\u011frencileri ile devams\u0131zl\u0131k tebligat\u0131 yap\u0131ld\u0131\u011f\u0131 halde okula devam etmeyen \u00f6\u011frencilerin, sorumluluk s\u0131nav tarihinden 5 i\u015f g\u00fcn\u00fc \u00f6ncesine kadar okul m\u00fcd\u00fcrl\u00fc\u011f\u00fcne bildirimde bulunmalar\u0131 halinde sorumluluk s\u0131nav\u0131 plan\u0131na dahil edilecek.<\/p>\n\n\n\n<p>Mesleki e\u011fitim merkezinde s\u0131n\u0131f tekrar\u0131 ve \u00f6\u011frenim hakk\u0131na ili\u015fkin d\u00fczenleme yap\u0131ld\u0131 ve mesleki e\u011fitim merkezi \u00f6\u011frencilerinin 11&#8217;inci s\u0131n\u0131fta kalfal\u0131k belgesini almadan 12&#8217;nci s\u0131n\u0131ftaki ustal\u0131k e\u011fitimine ge\u00e7memelerini temin etmek i\u00e7in d\u00fczenleme yap\u0131ld\u0131.<\/p>\n\n\n\n<p>A\u00e7\u0131k \u00f6\u011fretim lisesi, mesleki a\u00e7\u0131k \u00f6\u011fretim lisesi veya a\u00e7\u0131k \u00f6\u011fretim imam hatip lisesinde \u00f6\u011frenim g\u00f6rmekte iken, ba\u015farm\u0131\u015f olduklar\u0131 kredi itibar\u0131yla \u00f6rg\u00fcn orta\u00f6\u011fretim kurumlar\u0131na nakil ve ge\u00e7i\u015f yapabilecek durumda olan, ya\u015f itibar\u0131yla \u00f6rg\u00fcn orta\u00f6\u011fretim kurumlar\u0131na kay\u0131t \u015fartlar\u0131n\u0131 ta\u015f\u0131yan, \u00f6rg\u00fcn orta\u00f6\u011fretimde okuma hakk\u0131 bulunan ve disiplin y\u00f6n\u00fcnden \u00f6rg\u00fcn e\u011fitim d\u0131\u015f\u0131na \u00e7\u0131karma cezas\u0131 almayan \u00f6\u011frenciler, ders kesiminden yeni \u00f6\u011fretim y\u0131l\u0131 birinci d\u00f6neminde ekim ay\u0131n\u0131n sonuna kadar, ikinci d\u00f6nemde ise d\u00f6nemin ilk i\u015f g\u00fcn\u00fcnden \u015fubat ay\u0131 sonuna kadar orta\u00f6\u011fretim kay\u0131t alan\u0131 i\u00e7inde tercihe ba\u011fl\u0131 olarak, \u00f6\u011frenci nakil ve yerle\u015ftirme komisyonu karar\u0131yla program\u0131 ve kontenjan\u0131 uygun olan Anadolu liseleri, Anadolu imam hatip liseleri, mesleki ve teknik Anadolu liselerinin Anadolu meslek programlar\u0131, \u00e7ok programl\u0131 Anadolu liseleri ile mesleki ve teknik e\u011fitim merkezlerine ve mesleki e\u011fitim merkezlerine nakil ve ge\u00e7i\u015f yapabilecekler.<\/p>\n\n\n\n<p>Nakil ve ge\u00e7i\u015f yapacak \u00f6\u011frencilerin durumlar\u0131 de\u011ferlendirilirken; a\u00e7\u0131k \u00f6\u011fretim liselerinde kredisini ald\u0131klar\u0131 dersler ile \u00f6rg\u00fcn orta\u00f6\u011fretim kurumlar\u0131n\u0131n haftal\u0131k ders \u00e7izelgesinde yer alan dersleri s\u0131n\u0131flar baz\u0131nda kar\u015f\u0131la\u015ft\u0131r\u0131larak e\u015fle\u015ftirilecek, rehberlik ve puanla de\u011ferlendirilmeyen ders saatleri hari\u00e7 tutularak toplam ders saati say\u0131s\u0131 iki ile \u00e7arp\u0131larak kredilendirilecek. Toplam kredi itibar\u0131yla ili\u015fkilendirildikleri s\u0131n\u0131fa nakil ve ge\u00e7i\u015fleri yap\u0131lacak. Mesleki e\u011fitim merkezine nakillerde kredi say\u0131s\u0131na bak\u0131lmayacak.<\/p>\n\n\n\n<p><strong>Cep telefonu kullan\u0131m\u0131<\/strong><\/p>\n\n\n\n<p>\u00d6\u011frencilerin, e\u011fitim ortamlar\u0131nda cep telefonlar\u0131n\u0131 ve di\u011fer bili\u015fim ara\u00e7lar\u0131n\u0131, y\u00f6netmelikte yer alan h\u00fck\u00fcmler do\u011frultusunda kullanmalar\u0131na y\u00f6nelik tedbirleri al\u0131nacak. <\/p>\n\n\n\n<p>MEB \/ B\u00fclten<\/p>\n","protected":false},"excerpt":{"rendered":"<p>50 ba\u015far\u0131 puan\u0131 s\u0131n\u0131f ge\u00e7meye yeterli olmayacak Lisede 50 puan ortalamayla s\u0131n\u0131f ge\u00e7ilemeyecek, alt s\u0131n\u0131f dahil 6 derste ba\u015far\u0131s\u0131z olan \u00f6\u011frenci s\u0131n\u0131f tekrar\u0131 yapacak. Mazeretsiz <a href=\"https:\/\/akdenizhaber.com.tr\/index.php\/2023\/09\/08\/mebden-yeni-kararlar\/\" class=\"read-more-link\">[more&#8230;]<\/a><\/p>\n","protected":false},"author":1,"featured_media":15459,"comment_status":"open","ping_status":"open","sticky":false,"template":"","format":"standard","meta":{"footnotes":""},"categories":[2],"tags":[],"class_list":["post-15458","post","type-post","status-publish","format-standard","has-post-thumbnail","hentry","category-gundem"],"_links":{"self":[{"href":"https:\/\/akdenizhaber.com.tr\/index.php\/wp-json\/wp\/v2\/posts\/15458","targetHints":{"allow":["GET"]}}],"collection":[{"href":"https:\/\/akdenizhaber.com.tr\/index.php\/wp-json\/wp\/v2\/posts"}],"about":[{"href":"https:\/\/akdenizhaber.com.tr\/index.php\/wp-json\/wp\/v2\/types\/post"}],"author":[{"embeddable":true,"href":"https:\/\/akdenizhaber.com.tr\/index.php\/wp-json\/wp\/v2\/users\/1"}],"replies":[{"embeddable":true,"href":"https:\/\/akdenizhaber.com.tr\/index.php\/wp-json\/wp\/v2\/comments?post=15458"}],"version-history":[{"count":0,"href":"https:\/\/akdenizhaber.com.tr\/index.php\/wp-json\/wp\/v2\/posts\/15458\/revisions"}],"wp:featuredmedia":[{"embeddable":true,"href":"https:\/\/akdenizhaber.com.tr\/index.php\/wp-json\/"}],"wp:attachment":[{"href":"https:\/\/akdenizhaber.com.tr\/index.php\/wp-json\/wp\/v2\/media?parent=15458"}],"wp:term":[{"taxonomy":"category","embeddable":true,"href":"https:\/\/akdenizhaber.com.tr\/index.php\/wp-json\/wp\/v2\/categories?post=15458"},{"taxonomy":"post_tag","embeddable":true,"href":"https:\/\/akdenizhaber.com.tr\/index.php\/wp-json\/wp\/v2\/tags?post=15458"}],"curies":[{"name":"wp","href":"https:\/\/api.w.org\/{rel}","templated":true}]}}