{"id":15452,"date":"2023-09-08T12:45:37","date_gmt":"2023-09-08T09:45:37","guid":{"rendered":"https:\/\/akdenizhaber.com.tr\/?p=15452"},"modified":"2023-09-08T12:45:37","modified_gmt":"2023-09-08T09:45:37","slug":"konyaalti-belediyesi-personeline-ab-proje-egitimi","status":"publish","type":"post","link":"https:\/\/akdenizhaber.com.tr\/index.php\/2023\/09\/08\/konyaalti-belediyesi-personeline-ab-proje-egitimi\/","title":{"rendered":"Konyaalt\u0131 Belediyesi Personeline AB Proje E\u011fitimi"},"content":{"rendered":"\n<p><\/p>\n\n\n\n<p>Konyaalt\u0131 Belediyesi belediye personeline yapt\u0131\u011f\u0131 hizmet i\u00e7i e\u011fitimlere bir yenisini daha ekledi. Belediye personeline \u015fimdi de Avrupa Birli\u011fi Proje D\u00f6n\u00fc\u015f\u00fcm e\u011fitimi verildi. \u0130l\u00e7edeki ya\u015fam kalitesini art\u0131rmaya y\u00f6nelik haz\u0131rlanan projelerden baz\u0131lar\u0131 hayata ge\u00e7irilecek.<\/p>\n\n\n\n<p>Konyaalt\u0131 Belediyesi il\u00e7ede ya\u015fam kalitesini art\u0131rmak ve yeni projeler \u00fcretmek ad\u0131na \u00e7al\u0131\u015fmalar\u0131na devam ediyor. Konyaalt\u0131 Belediyesi \u0130nsan Kaynaklar\u0131 ve Proje Servisi koordinesinde Ahmet Tun\u00e7 E\u011fitim Seminer Salonu\u2019nda belediye personeline Avrupa Birli\u011fi Proje D\u00f6n\u00fc\u015f\u00fcm e\u011fitimi verildi.<\/p>\n\n\n\n<p>KARBON SALINIMI AZALTILMASI<\/p>\n\n\n\n<p>Toplamda 30 belediye personelinin kat\u0131ld\u0131\u011f\u0131 e\u011fitimde, il\u00e7edeki ya\u015fam kalitesini art\u0131rmaya y\u00f6nelik AB projelerinin nas\u0131l haz\u0131rlanmas\u0131 gerekti\u011fi anlat\u0131ld\u0131. Avrupa Birli\u011fi T\u00fcrkiye Delegasyonu AB \u0130\u015fleri Uzman\u0131 Selman \u00c7etin taraf\u0131ndan verilen 3 g\u00fcnl\u00fck e\u011fitimde il\u00e7e ad\u0131na ekolojik turizmden karbon sal\u0131n\u0131m\u0131n\u0131 azaltmaya kadar \u00e7ok say\u0131da yeni proje \u00fcretildi. E\u011fitim kapsam\u0131nda belediye personeli haz\u0131rlad\u0131klar\u0131 projeleri sunarak, projelerin il\u00e7eye olan katk\u0131s\u0131 hakk\u0131nda bilgi verdi. E\u011fitim sonunda belediye personeline sertifika takdim edildi. E\u011fitimde ger\u00e7ekle\u015ftirilen projelerden baz\u0131lar\u0131n\u0131n hayata ge\u00e7irilmesi i\u00e7in Proje Servisi koordinesindeki proje ekiplerinin \u00e7al\u0131\u015fmalara ba\u015flad\u0131\u011f\u0131 belirtildi.<\/p>\n\n\n\n<p>Konyaalt\u0131 Belediyesi \/ B\u00fclten<\/p>\n","protected":false},"excerpt":{"rendered":"<p>Konyaalt\u0131 Belediyesi belediye personeline yapt\u0131\u011f\u0131 hizmet i\u00e7i e\u011fitimlere bir yenisini daha ekledi. Belediye personeline \u015fimdi de Avrupa Birli\u011fi Proje D\u00f6n\u00fc\u015f\u00fcm e\u011fitimi verildi. \u0130l\u00e7edeki ya\u015fam kalitesini <a href=\"https:\/\/akdenizhaber.com.tr\/index.php\/2023\/09\/08\/konyaalti-belediyesi-personeline-ab-proje-egitimi\/\" class=\"read-more-link\">[more&#8230;]<\/a><\/p>\n","protected":false},"author":1,"featured_media":15453,"comment_status":"open","ping_status":"open","sticky":false,"template":"","format":"standard","meta":{"footnotes":""},"categories":[2],"tags":[],"class_list":["post-15452","post","type-post","status-publish","format-standard","has-post-thumbnail","hentry","category-gundem"],"_links":{"self":[{"href":"https:\/\/akdenizhaber.com.tr\/index.php\/wp-json\/wp\/v2\/posts\/15452","targetHints":{"allow":["GET"]}}],"collection":[{"href":"https:\/\/akdenizhaber.com.tr\/index.php\/wp-json\/wp\/v2\/posts"}],"about":[{"href":"https:\/\/akdenizhaber.com.tr\/index.php\/wp-json\/wp\/v2\/types\/post"}],"author":[{"embeddable":true,"href":"https:\/\/akdenizhaber.com.tr\/index.php\/wp-json\/wp\/v2\/users\/1"}],"replies":[{"embeddable":true,"href":"https:\/\/akdenizhaber.com.tr\/index.php\/wp-json\/wp\/v2\/comments?post=15452"}],"version-history":[{"count":0,"href":"https:\/\/akdenizhaber.com.tr\/index.php\/wp-json\/wp\/v2\/posts\/15452\/revisions"}],"wp:featuredmedia":[{"embeddable":true,"href":"https:\/\/akdenizhaber.com.tr\/index.php\/wp-json\/"}],"wp:attachment":[{"href":"https:\/\/akdenizhaber.com.tr\/index.php\/wp-json\/wp\/v2\/media?parent=15452"}],"wp:term":[{"taxonomy":"category","embeddable":true,"href":"https:\/\/akdenizhaber.com.tr\/index.php\/wp-json\/wp\/v2\/categories?post=15452"},{"taxonomy":"post_tag","embeddable":true,"href":"https:\/\/akdenizhaber.com.tr\/index.php\/wp-json\/wp\/v2\/tags?post=15452"}],"curies":[{"name":"wp","href":"https:\/\/api.w.org\/{rel}","templated":true}]}}