{"id":15443,"date":"2023-09-08T12:43:30","date_gmt":"2023-09-08T09:43:30","guid":{"rendered":"https:\/\/akdenizhaber.com.tr\/?p=15443"},"modified":"2023-09-08T12:43:30","modified_gmt":"2023-09-08T09:43:30","slug":"taksicilerden-baskan-boceke-tesekkur","status":"publish","type":"post","link":"https:\/\/akdenizhaber.com.tr\/index.php\/2023\/09\/08\/taksicilerden-baskan-boceke-tesekkur\/","title":{"rendered":"Taksicilerden Ba\u015fkan B\u00f6cek\u2019e Te\u015fekk\u00fcr"},"content":{"rendered":"\n<p><\/p>\n\n\n\n<p>Antalya\u2019da UKOME karar\u0131yla yeni kurulan duraklarda faaliyet g\u00f6sterecek taksiler Antalya B\u00fcy\u00fck\u015fehir Belediyesi Ba\u015fkan\u0131 Muhittin B\u00f6cek\u2019in de kat\u0131ld\u0131\u011f\u0131 noter huzurunda ger\u00e7ekle\u015ftirilen kura \u00e7ekiminde belirlendi.<\/p>\n\n\n\n<p>Antalya B\u00fcy\u00fck\u015fehir Belediye Meclisi\u2019nin A\u011fustos ay\u0131 oturumunda Kepez il\u00e7esine 100 ara\u00e7l\u0131k \u015eehir Hastanesi Taksi Dura\u011f\u0131, 25 ara\u00e7l\u0131k Varsak Taksi Dura\u011f\u0131, 15 ara\u00e7l\u0131k Baraj Taksi Dura\u011f\u0131, Muratpa\u015fa\u2019ya 20 ara\u00e7l\u0131k Ermenek Taksi Dura\u011f\u0131, Aksu\u2019ya 100 ara\u00e7l\u0131k Alt\u0131nta\u015f Taksi Dura\u011f\u0131, D\u00f6\u015femealt\u0131\u2019na 15 ara\u00e7l\u0131k Toki Taksi Dura\u011f\u0131, D\u00f6\u015femealt\u0131\u2019na 15 ara\u00e7l\u0131k Ye\u015filbay\u0131r Taksi Dura\u011f\u0131, 15 ara\u00e7l\u0131k Alt\u0131nkale Taksi Dura\u011f\u0131 kurulmas\u0131 kabul edilmi\u015fti. Kepez\u2019de hizmet veren Sur Taksi Dura\u011f\u0131\u2019n\u0131n da kapasitesi 50 ara\u00e7 artt\u0131r\u0131lm\u0131\u015ft\u0131. Antalya merkezindeki trafik yo\u011funlu\u011funun azalt\u0131lmas\u0131, ticari taksi esnaf\u0131n\u0131n azalan i\u015f hacminin yeniden artt\u0131r\u0131lmas\u0131, vatanda\u015flar\u0131n ma\u011fduriyet ya\u015famamas\u0131 amac\u0131yla yeni yerle\u015fim yerlerine kurulan taksi duraklar\u0131nda faaliyet g\u00f6sterecek toplam 355 taksi i\u00e7in kura \u00e7ekimi d\u00fczenlendi.<\/p>\n\n\n\n<p>TOPLAM 355 TAKS\u0130<\/p>\n\n\n\n<p>Antalya B\u00fcy\u00fck\u015fehir Belediyesi\u2019nde d\u00fczenlenen kura \u00e7ekimine Antalya B\u00fcy\u00fck\u015fehir Belediye Ba\u015fkan\u0131 Muhittin B\u00f6cek, Antalya Esnaf ve Sanatkarlar Odalar\u0131 Birli\u011fi Adl\u0131han Dere, Antalya \u015eof\u00f6rler ve Otomobilciler Odas\u0131 Ba\u015fkan\u0131 Mehmet Ali Alkan, B\u00fcy\u00fck\u015fehir Belediyesi Ula\u015f\u0131m Daire Ba\u015fkan\u0131 Nurettin \u015eeng\u00fcl kat\u0131ld\u0131. Antalya B\u00fcy\u00fck\u015fehir Belediyesi s\u0131n\u0131rlar\u0131 i\u00e7erisinde yer alan Kepez, Muratpa\u015fa, Konyaalt\u0131, D\u00f6\u015femealt\u0131 ve Aksu il\u00e7elerinde ticari taksi sahibi olan ki\u015filerin ba\u015fvuru yapabildi\u011fi kura \u00e7ekiminde taksilerin duraklar\u0131 noter huzurunda \u00e7ekili\u015fle belirlendi.<\/p>\n\n\n\n<p>HAYIRLI OLSUN<\/p>\n\n\n\n<p>Kuralar\u0131n \u015fof\u00f6r esnaf\u0131na hay\u0131rl\u0131 olmas\u0131n\u0131 dileyen Ba\u015fkan Muhittin B\u00f6cek, \u015fof\u00f6r esnaf\u0131n\u0131n ya\u015fad\u0131\u011f\u0131 sorunlar\u0131 yak\u0131ndan bildi\u011fini belirterek, \u201c\u015eof\u00f6r esnaf\u0131m\u0131z\u0131n zor durumlar\u0131n\u0131 hep birlikte ya\u015fad\u0131k. Pandemi s\u00fcreci olsun, akaryak\u0131t zamlar\u0131 olsun hepsini biliyoruz. Ula\u015f\u0131m sekt\u00f6r\u00fcnde \u00e7al\u0131\u015fan, siftah bile yapmayan \u015fof\u00f6r esnaf\u0131m\u0131z\u0131n derdini bilen biriyim. Hep birlikte Antalya\u2019y\u0131 y\u00f6netiyoruz. Antalya B\u00fcy\u00fck\u015fehir Belediyesi olarak yerli ve yabanc\u0131 turistlerimiz de dahil 27 milyona ev sahipli\u011fi yap\u0131yoruz. Gelen yerli yabanc\u0131 turisti de sizler ta\u015f\u0131yorsunuz. \u00d6nce ta\u015f\u0131yan memnun olacak ki ta\u015f\u0131nan mutlu olsun. Bug\u00fcn noter huzurunda kura \u00e7ekimi yap\u0131yoruz. Bug\u00fcn burada \u00e7ekecek oldu\u011fumuz kuralar\u0131n hepinize hay\u0131rl\u0131 olmas\u0131n\u0131 diliyorum\u201d dedi.<\/p>\n\n\n\n<p>BA\u015eKAN B\u00d6CEK\u2019E TE\u015eEKK\u00dcR<\/p>\n\n\n\n<p>AESOB Ba\u015fkan\u0131 Adl\u0131han Dere de Ba\u015fkan Muhittin B\u00f6cek\u2019e esnafa verdi\u011fi destekler i\u00e7in te\u015fekk\u00fcr etti. Dere, \u201cAntalya\u2019da 3200\u2019e yak\u0131n taksici var. Antalya B\u00fcy\u00fck\u015fehir Belediye Ba\u015fkan\u0131m\u0131z bug\u00fcn kuras\u0131 \u00e7ekilecek duraklar\u0131n tespitini AESOB olarak bizim yapmam\u0131z\u0131 istedi. Antalya B\u00fcy\u00fck\u015fehir Belediye Meclisi\u2019nde komisyonun tespit etti\u011fi rakamlar\u0131n d\u00fc\u015f\u00fcr\u00fclmesini talep ettik. Meclisimiz de uygun g\u00f6rd\u00fc \u015fimdi de kamuoyunun g\u00f6z\u00fc \u00f6n\u00fcnde \u015feffaf bir \u015fekilde bu kura \u00e7ekimini yapt\u0131\u011f\u0131 i\u00e7in, esnaf\u0131n haklar\u0131n\u0131 korudu\u011fu ve yan\u0131nda oldu\u011fu i\u00e7in \u015fahs\u0131m ve Antalya esnaf\u0131 ad\u0131na Ba\u015fkan\u0131m\u0131za bir kez daha te\u015fekk\u00fcr ediyorum\u201d diye konu\u015ftu.<\/p>\n\n\n\n<p><a><\/a>ESNFA DOSTU BA\u015eKAN<\/p>\n\n\n\n<p>Antalya \u015eof\u00f6rler ve Otomobilciler Odas\u0131 Ba\u015fkan\u0131 Mehmet Ali Alkan da Ba\u015fkan B\u00f6cek\u2019in her zaman esnaf dostu oldu\u011funu belirterek, \u015fof\u00f6r esnaf\u0131n\u0131n da sorunlar\u0131n\u0131 yak\u0131ndan takip etti\u011fi ve her zaman esnaf\u0131n yan\u0131nda oldu\u011fu i\u00e7in Ba\u015fkan B\u00f6cek\u2019e te\u015fekk\u00fcr etti. Antalya B\u00fcy\u00fck\u015fehir Belediyesi Ula\u015f\u0131m Daire Ba\u015fkan\u0131 Nurettin \u015eeng\u00fcl de sadece Antalya\u2019n\u0131n ula\u015f\u0131mla ilgili sorunlar\u0131n\u0131 \u00e7\u00f6zmek i\u00e7in de\u011fil ta\u015f\u0131ma anlam\u0131nda ula\u015f\u0131m anlam\u0131nda trafik i\u015fleyi\u015fi a\u00e7\u0131s\u0131ndan T\u00fcrkiye\u2019ye \u00f6rnek bir vizyon koymak \u00fczere yola \u00e7\u0131kt\u0131klar\u0131n\u0131 belirtti.<\/p>\n\n\n\n<p>Antalya B\u00fcy\u00fck\u015fehir Belediyesi \/ B\u00fclten<\/p>\n","protected":false},"excerpt":{"rendered":"<p>Antalya\u2019da UKOME karar\u0131yla yeni kurulan duraklarda faaliyet g\u00f6sterecek taksiler Antalya B\u00fcy\u00fck\u015fehir Belediyesi Ba\u015fkan\u0131 Muhittin B\u00f6cek\u2019in de kat\u0131ld\u0131\u011f\u0131 noter huzurunda ger\u00e7ekle\u015ftirilen kura \u00e7ekiminde belirlendi. Antalya B\u00fcy\u00fck\u015fehir <a href=\"https:\/\/akdenizhaber.com.tr\/index.php\/2023\/09\/08\/taksicilerden-baskan-boceke-tesekkur\/\" class=\"read-more-link\">[more&#8230;]<\/a><\/p>\n","protected":false},"author":1,"featured_media":15444,"comment_status":"open","ping_status":"open","sticky":false,"template":"","format":"standard","meta":{"footnotes":""},"categories":[2],"tags":[],"class_list":["post-15443","post","type-post","status-publish","format-standard","has-post-thumbnail","hentry","category-gundem"],"_links":{"self":[{"href":"https:\/\/akdenizhaber.com.tr\/index.php\/wp-json\/wp\/v2\/posts\/15443","targetHints":{"allow":["GET"]}}],"collection":[{"href":"https:\/\/akdenizhaber.com.tr\/index.php\/wp-json\/wp\/v2\/posts"}],"about":[{"href":"https:\/\/akdenizhaber.com.tr\/index.php\/wp-json\/wp\/v2\/types\/post"}],"author":[{"embeddable":true,"href":"https:\/\/akdenizhaber.com.tr\/index.php\/wp-json\/wp\/v2\/users\/1"}],"replies":[{"embeddable":true,"href":"https:\/\/akdenizhaber.com.tr\/index.php\/wp-json\/wp\/v2\/comments?post=15443"}],"version-history":[{"count":0,"href":"https:\/\/akdenizhaber.com.tr\/index.php\/wp-json\/wp\/v2\/posts\/15443\/revisions"}],"wp:featuredmedia":[{"embeddable":true,"href":"https:\/\/akdenizhaber.com.tr\/index.php\/wp-json\/"}],"wp:attachment":[{"href":"https:\/\/akdenizhaber.com.tr\/index.php\/wp-json\/wp\/v2\/media?parent=15443"}],"wp:term":[{"taxonomy":"category","embeddable":true,"href":"https:\/\/akdenizhaber.com.tr\/index.php\/wp-json\/wp\/v2\/categories?post=15443"},{"taxonomy":"post_tag","embeddable":true,"href":"https:\/\/akdenizhaber.com.tr\/index.php\/wp-json\/wp\/v2\/tags?post=15443"}],"curies":[{"name":"wp","href":"https:\/\/api.w.org\/{rel}","templated":true}]}}