{"id":15440,"date":"2023-09-08T12:42:29","date_gmt":"2023-09-08T09:42:29","guid":{"rendered":"https:\/\/akdenizhaber.com.tr\/?p=15440"},"modified":"2023-09-08T12:42:29","modified_gmt":"2023-09-08T09:42:29","slug":"baskan-bocekten-zabitalara-tesekkur","status":"publish","type":"post","link":"https:\/\/akdenizhaber.com.tr\/index.php\/2023\/09\/08\/baskan-bocekten-zabitalara-tesekkur\/","title":{"rendered":"Ba\u015fkan B\u00f6cek\u2019ten Zab\u0131talara Te\u015fekk\u00fcr\u00a0\u00a0 \u00a0"},"content":{"rendered":"\n<p><\/p>\n\n\n\n<p>Antalya B\u00fcy\u00fck\u015fehir Belediyesi Zab\u0131tas\u0131 personeli, Zab\u0131ta Te\u015fkilat\u0131\u2019n\u0131n kurulu\u015funun 197. y\u0131l d\u00f6n\u00fcm\u00fc nedeniyle B\u00fcy\u00fck\u015fehir Belediye Ba\u015fkan\u0131 Muhittin B\u00f6cek\u2019i ziyaret etti. Zab\u0131ta Haftas\u0131\u2019n\u0131 kutlayan Ba\u015fkan B\u00f6cek, \u201c\u0130nsan sa\u011fl\u0131\u011f\u0131 ve g\u00fcvenli\u011fi i\u00e7in gece g\u00fcnd\u00fcz demeden denetimlerini s\u00fcrd\u00fcren Zab\u0131ta Te\u015fkilat\u0131m\u0131z\u0131n bu \u00f6zel g\u00fcn\u00fcn\u00fc kutluyorum\u201d dedi.<\/p>\n\n\n\n<p>Antalya B\u00fcy\u00fck\u015fehir Belediye Ba\u015fkan\u0131 Muhittin B\u00f6cek, Zab\u0131ta Te\u015fkilat\u0131\u2019n\u0131n 197. kurulu\u015f y\u0131l d\u00f6n\u00fcm\u00fcnde zab\u0131ta personeliyle bir araya geldi. Zab\u0131ta Dairesi Ba\u015fkan\u0131 Behi\u00e7 \u00d6zdemir ve zab\u0131ta personelini makam\u0131nda kabul eden Ba\u015fkan B\u00f6cek, \u201cZab\u0131ta Te\u015fkilat\u0131\u2019n\u0131n kurulu\u015funun 197. Y\u0131l\u0131n\u0131 kutluyorum\u201d diye konu\u015ftu.<\/p>\n\n\n\n<p>ZABITA PERSONEL\u0130NE TE\u015eEKK\u00dcR ETT\u0130<\/p>\n\n\n\n<p>Antalya\u2019n\u0131n yerli ve ziyaret\u00e7ilerle birlikte 25 milyona ev sahipli\u011fi yapt\u0131\u011f\u0131n\u0131 hat\u0131rlatan Ba\u015fkan Muhittin B\u00f6cek, zab\u0131tan\u0131n da insan sa\u011fl\u0131\u011f\u0131 ve g\u00fcvenli\u011fi ba\u015fta olmak vatanda\u015flar\u0131n mutlulu\u011fu i\u00e7in \u00e7al\u0131\u015ft\u0131\u011f\u0131n\u0131 belirtti. Gazipa\u015fa\u2019dan Ka\u015f\u2019a kadar gece g\u00fcnd\u00fcz demeden her t\u00fcrl\u00fc olumsuzlukla m\u00fccadele eden ve denetimlerini s\u00fcrd\u00fcren zab\u0131ta personeline te\u015fekk\u00fcr eden Ba\u015fkan B\u00f6cek, \u015f\u00f6yle konu\u015ftu: \u201cZab\u0131talar belediyemizin aynas\u0131d\u0131r. Sizler bizim y\u00fcz ak\u0131m\u0131zs\u0131n\u0131z. Sizlerle gurur duyuyorum. G\u00f6reve geldi\u011fimizde 138 zab\u0131tam\u0131z vard\u0131. Bug\u00fcn itibariyle 219 zab\u0131tam\u0131zla Antalyal\u0131lara hizmet ediyoruz. \u00d6n\u00fcm\u00fczdeki g\u00fcnlerde zab\u0131ta say\u0131m\u0131z\u0131 art\u0131raca\u011f\u0131z.\u201d<\/p>\n\n\n\n<p>Antalya B\u00fcy\u00fck\u015fehir Belediyesi \/ B\u00fclten<\/p>\n","protected":false},"excerpt":{"rendered":"<p>Antalya B\u00fcy\u00fck\u015fehir Belediyesi Zab\u0131tas\u0131 personeli, Zab\u0131ta Te\u015fkilat\u0131\u2019n\u0131n kurulu\u015funun 197. y\u0131l d\u00f6n\u00fcm\u00fc nedeniyle B\u00fcy\u00fck\u015fehir Belediye Ba\u015fkan\u0131 Muhittin B\u00f6cek\u2019i ziyaret etti. Zab\u0131ta Haftas\u0131\u2019n\u0131 kutlayan Ba\u015fkan B\u00f6cek, \u201c\u0130nsan <a href=\"https:\/\/akdenizhaber.com.tr\/index.php\/2023\/09\/08\/baskan-bocekten-zabitalara-tesekkur\/\" class=\"read-more-link\">[more&#8230;]<\/a><\/p>\n","protected":false},"author":1,"featured_media":15441,"comment_status":"open","ping_status":"open","sticky":false,"template":"","format":"standard","meta":{"footnotes":""},"categories":[2],"tags":[],"class_list":["post-15440","post","type-post","status-publish","format-standard","has-post-thumbnail","hentry","category-gundem"],"_links":{"self":[{"href":"https:\/\/akdenizhaber.com.tr\/index.php\/wp-json\/wp\/v2\/posts\/15440","targetHints":{"allow":["GET"]}}],"collection":[{"href":"https:\/\/akdenizhaber.com.tr\/index.php\/wp-json\/wp\/v2\/posts"}],"about":[{"href":"https:\/\/akdenizhaber.com.tr\/index.php\/wp-json\/wp\/v2\/types\/post"}],"author":[{"embeddable":true,"href":"https:\/\/akdenizhaber.com.tr\/index.php\/wp-json\/wp\/v2\/users\/1"}],"replies":[{"embeddable":true,"href":"https:\/\/akdenizhaber.com.tr\/index.php\/wp-json\/wp\/v2\/comments?post=15440"}],"version-history":[{"count":0,"href":"https:\/\/akdenizhaber.com.tr\/index.php\/wp-json\/wp\/v2\/posts\/15440\/revisions"}],"wp:featuredmedia":[{"embeddable":true,"href":"https:\/\/akdenizhaber.com.tr\/index.php\/wp-json\/"}],"wp:attachment":[{"href":"https:\/\/akdenizhaber.com.tr\/index.php\/wp-json\/wp\/v2\/media?parent=15440"}],"wp:term":[{"taxonomy":"category","embeddable":true,"href":"https:\/\/akdenizhaber.com.tr\/index.php\/wp-json\/wp\/v2\/categories?post=15440"},{"taxonomy":"post_tag","embeddable":true,"href":"https:\/\/akdenizhaber.com.tr\/index.php\/wp-json\/wp\/v2\/tags?post=15440"}],"curies":[{"name":"wp","href":"https:\/\/api.w.org\/{rel}","templated":true}]}}