{"id":15437,"date":"2023-09-08T12:39:59","date_gmt":"2023-09-08T09:39:59","guid":{"rendered":"https:\/\/akdenizhaber.com.tr\/?p=15437"},"modified":"2023-09-08T12:39:59","modified_gmt":"2023-09-08T09:39:59","slug":"akdeniz-universitesi-yine-turkiyeye-ornek-olacak","status":"publish","type":"post","link":"https:\/\/akdenizhaber.com.tr\/index.php\/2023\/09\/08\/akdeniz-universitesi-yine-turkiyeye-ornek-olacak\/","title":{"rendered":"Akdeniz \u00dcniversitesi yine T\u00fcrkiye\u2019ye \u00f6rnek olacak"},"content":{"rendered":"\n<p><\/p>\n\n\n\n<p>Akdeniz \u00dcniversitesi T\u0131p Fak\u00fcltesi 2023-2024 y\u0131l\u0131 e\u011fitimi ile ilgili son haz\u0131rl\u0131k toplant\u0131s\u0131n\u0131 Rekt\u00f6r Prof. Dr. \u00d6zlenen \u00d6zkan ba\u015fkanl\u0131\u011f\u0131nda ger\u00e7ekle\u015ftirdi. Toplant\u0131da T\u00fcrkiye\u2019de ilk kez Akdeniz \u00dcniversitesi\u2019nde uygulanan Semptom Temelli E\u011fitim Program\u0131\u2019na ge\u00e7i\u015fle ilgili haz\u0131rl\u0131klar de\u011ferlendirildi. \u015eimdiden farkl\u0131 \u00fcniversitelerin uygulamak i\u00e7in Akdeniz \u00dcniversitesi\u2019nden destek istedi\u011fi uygulama ile \u00f6\u011frenciler hastan\u0131n \u015fikayetleri \u00fczerinden tan\u0131 koyma s\u00fcrecine do\u011fru s\u00fcren ger\u00e7ek hayata uygun bir e\u011fitim alacak.<\/p>\n\n\n\n<p>Akdeniz \u00dcniversitesi T\u0131p Fak\u00fcltesi 2023-2024 y\u0131l\u0131 e\u011fitim haz\u0131rl\u0131klar\u0131n\u0131 s\u00fcrd\u00fcr\u00fcyor. Konuyla ilgili Akdeniz \u00dcniversitesi Rekt\u00f6r\u00fc Prof. Dr. \u00d6zlenen \u00d6zkan ba\u015fkanl\u0131\u011f\u0131nda \u201cT\u0131p Fak\u00fcltesi E\u011fitimi De\u011ferlendirme Toplant\u0131s\u0131\u201d yap\u0131ld\u0131. Akdeniz \u00dcniversitesi Rekt\u00f6rl\u00fc\u011f\u00fc Senato Salonunda yap\u0131lan toplant\u0131ya Rekt\u00f6r Prof. Dr. \u00d6zlenen \u00d6zkan\u2019\u0131n yan\u0131 s\u0131ra Rekt\u00f6r Yard\u0131mc\u0131s\u0131 Prof. Dr. Murat Turhan, T\u0131p Fak\u00fcltesi Dekan\u0131 Prof. Dr. Erol G\u00fcrp\u0131nar, dekan yard\u0131mc\u0131lar\u0131, ba\u015fhekim yard\u0131mc\u0131lar\u0131 ve T\u0131p Fak\u00fcltesi \u00f6\u011fretim \u00fcyeleri kat\u0131ld\u0131. Toplant\u0131da 2022-2023 y\u0131l\u0131 bahar d\u00f6neminde pilot uygulamas\u0131 T\u0131p Fak\u00fcltesi\u2019nde ba\u015flayan Semptom Temelli E\u011fitim Program\u0131\u2019na (STEP) ge\u00e7i\u015fle ilgili haz\u0131rl\u0131klar de\u011ferlendirildi.<\/p>\n\n\n\n<p>\u201c\u00d6\u011eRENC\u0130LER\u0130M\u0130Z\u0130N EN \u0130Y\u0130 E\u011e\u0130T\u0130M\u0130 ALMASINI \u0130ST\u0130YORUZ\u201d<\/p>\n\n\n\n<p>T\u00fcrkiye\u2019de bir ilk olan Semptom Temelli E\u011fitim Program\u0131yla ilgili de\u011ferlendirme toplant\u0131s\u0131nda son haz\u0131rl\u0131klar\u0131 konu\u015ftuklar\u0131n\u0131 belirten Akdeniz \u00dcniversitesi Rekt\u00f6r\u00fc Prof. Dr. \u00d6zlenen \u00d6zkan, \u201cBahar d\u00f6neminde bu e\u011fitim program\u0131m\u0131z\u0131 ba\u015flatm\u0131\u015ft\u0131k. Pilot uygulamam\u0131z ba\u015far\u0131l\u0131 bir \u015fekilde tamamland\u0131. Yaz d\u00f6neminde dahi hocalar\u0131m\u0131z bu modeli t\u00fcm programa adapte etmek i\u00e7in \u00e7ok yo\u011fun bir \u015fekilde \u00e7al\u0131\u015ft\u0131. \u00d6\u011frencilerimiz bu e\u011fitim program\u0131 sayesinde semptomlar ve bulgular temelinde hastal\u0131klar\u0131 tan\u0131yarak, tedavi etme becerilerini geli\u015ftirebilecekler. Hepimiz \u00f6\u011frencilerimizin en iyi e\u011fitimi almas\u0131 i\u00e7in \u00e7abal\u0131yoruz.\u201d dedi. E\u011fitimin \u00e7\u0131kt\u0131s\u0131n\u0131n \u00e7ok k\u0131sa vadede g\u00f6r\u00fclemedi\u011fini ancak bug\u00fcn at\u0131lan ad\u0131mlar\u0131n \u00f6neminin gelecekte yeti\u015ftirdikleri yetkin hekimlerle kendini g\u00f6sterece\u011fini ifade eden Rekt\u00f6r \u00d6zkan, bu konuda eme\u011fi ge\u00e7enlere te\u015fekk\u00fcr etti.<\/p>\n\n\n\n<p>PROGRAM TAMAMEN U\u00c7EP\u2019E UYGUN HALE GET\u0130R\u0130LD\u0130<\/p>\n\n\n\n<p>Rekt\u00f6r Yard\u0131mc\u0131s\u0131 Prof. Dr. Murat Turhan ise sadece Semptom Temelli E\u011fitime ge\u00e7i\u015f olmad\u0131\u011f\u0131n\u0131 e\u011fitim program\u0131n\u0131n tamamen U\u00c7EP\u2019e (Ulusal \u00c7ekirdek E\u011fitim Program\u0131) uygun hale getirildi\u011fini, programa ayr\u0131ca U\u00c7EP\u2019te olan iyi hekim uygulamalar\u0131 ve davran\u0131\u015f sosyal be\u015feri bilimler alan\u0131nda eklemeler yap\u0131ld\u0131\u011f\u0131n\u0131 s\u00f6yledi. Prof. Dr. Murat Turhan \u201cSemptom Temelli E\u011fitim i\u00e7in \u00f6nceden bilgi sahibi olmay\u0131 bu sene ba\u015flatt\u0131k. 1-2-3. s\u0131n\u0131f \u00f6\u011frencileri 4 ve 5. s\u0131n\u0131fa haz\u0131r olacaklar. 4. s\u0131n\u0131fta bu sene biraz yo\u011fun \u00e7al\u0131\u015facaklar. 4\u2019te de semptom bazl\u0131 e\u011fitim temeli al\u0131yorlar. Ama alttan gelen \u00f6\u011frenci \u00e7ekirdek hastal\u0131klar\u0131 g\u00f6rmedi\u011fi i\u00e7in her iki program\u0131 bir arada y\u00fcr\u00fctecek. D\u00f6nem alt\u0131da her bir hafta da panel yap\u0131larak her hastal\u0131k tekrar g\u00f6zden ge\u00e7irilmi\u015f olacak.\u201d diye konu\u015ftu. Program\u0131n ilerleyen zamanlarda daha da geli\u015ftirilece\u011fini s\u00f6yleyen Prof. Dr. Murat Turhan \u201cBu sene biz U\u00c7EP\u2019le reset att\u0131k. Bu nihai amac\u0131m\u0131z de\u011fil, Rekt\u00f6r Hocam\u0131z\u0131n daha \u00f6nce s\u00f6yledi\u011fi gibi Akdeniz T\u0131p U\u00c7EP\u2019i \u015fekillendirebilmek. \u0130lk etapta baz\u0131 ders i\u00e7eriklerini azaltt\u0131k. Ancak belirlenen komisyonlarla ihtiya\u00e7 duyulan alanlarda U\u00c7EP\u2019i y\u00fczde y\u00fcz kapsayan ama \u00fczerine de ekleyerek spesifikle\u015fmi\u015f bir \u00fcniversite program\u0131 olarak \u00f6rnek olacak.\u201d dedi.<\/p>\n\n\n\n<p>HER DERS TEK TEK G\u00d6ZDEN GE\u00c7\u0130R\u0130LD\u0130<\/p>\n\n\n\n<p>E\u011fitim program\u0131 de\u011ferlendirmesi ile ilgili sunum yapan T\u0131p Fak\u00fcltesi Dekan\u0131 Prof. Dr. Erol G\u00fcrp\u0131nar, Semptom Temelli E\u011fitim Program\u0131n\u0131n, semptom ve ba\u015fvuru nedeni ile ba\u015flay\u0131p, bu soruna yol a\u00e7an hastal\u0131klarla ile ilgili bilgilerin aktar\u0131ld\u0131\u011f\u0131, ard\u0131ndan olgular \u00fczerinde tart\u0131\u015fma yaparak deneyim geli\u015ftirmeyi, ama\u00e7layan bir e\u011fitim program\u0131 oldu\u011funu belirterek, b\u00f6ylece \u00f6\u011frencilerin benzer \u015fikayetle gelen bir hastada tan\u0131 tedavi s\u00fcrecini daha ba\u015far\u0131l\u0131 bir \u015fekilde y\u00fcr\u00fctmeyi \u00f6\u011frenerek mezun olaca\u011f\u0131n\u0131 s\u00f6yledi. Program kapsam\u0131nda yap\u0131lan d\u00fczenlemelerden bahseden Dekan G\u00fcrp\u0131nar, \u201cBu e\u011fitim program\u0131 kapsam\u0131nda T\u0131p Fak\u00fcltesinde 6 y\u0131l boyunca g\u00f6r\u00fclen yakla\u015f\u0131k 3000 saatlik teorik ders g\u00f6zden ge\u00e7irildi. Programda toplam 234 ders saati azald\u0131, 280 saat derste i\u00e7erik de\u011fi\u015fti. \u0130lk \u00fc\u00e7 y\u0131l i\u00e7in U\u00c7EP\u2019te yer alan 342 hastal\u0131k e\u011fitim program\u0131na eklendi. \u0130lgili hastal\u0131klar anlat\u0131ld\u0131ktan sonra her kurulda 1 tane olacak \u015fekilde STEP paneli i\u00e7in yer ayr\u0131ld\u0131. B\u00f6ylece \u00f6\u011frenciler \u00f6\u011fretim \u00fcyeleri ile hastal\u0131klar\u0131 tart\u0131\u015fma imk\u00e2n\u0131 bularak konular\u0131 daha da peki\u015ftirecek. Ayr\u0131ca birer haftal\u0131k toplam 4 se\u00e7meli staj programa eklendi.\u201d dedi.<\/p>\n\n\n\n<p>\u00d6\u011eRENC\u0130LER \u00c7OK \u015eANSLI<\/p>\n\n\n\n<p>\u0130lk \u00fc\u00e7 y\u0131ll\u0131k d\u00f6nemde davran\u0131\u015f sosyal be\u015feri bilimler alan\u0131nda dersler eklendi\u011fini s\u00f6yleyen Dekan G\u00fcrp\u0131nar, programa ayr\u0131ca sa\u011fl\u0131k hukuku, sa\u011fl\u0131k turizmi, sa\u011fl\u0131k e\u011fitimi, kronik hastal\u0131klarda egzersiz, sa\u011fl\u0131k ileti\u015fimi, t\u0131pta yapay zeka uygulamalar\u0131, ba\u011f\u0131ml\u0131l\u0131k, ya\u015fl\u0131l\u0131k, teknoloji ve sa\u011fl\u0131k etkile\u015fimi gibi farkl\u0131 disiplinlerde se\u00e7meli dersler eklendi\u011fini ve derslerin ilgili alanlarda alan\u0131nda uzman \u00f6\u011fretim \u00fcyeleri taraf\u0131ndan verilece\u011fini s\u00f6yledi. Bu seneki \u00f6\u011frencilerin \u00e7ok daha i\u015flerine yarayacak i\u00e7eriklerle ders alaca\u011f\u0131 i\u00e7in \u00e7ok \u015fansl\u0131 oldu\u011funu vurgulayan Dekan G\u00fcrp\u0131nar, di\u011fer \u00fcniversitelerden e\u011fitim program\u0131 ile ilgili talep geldi\u011fini, d\u00fcnyada t\u0131p e\u011fitimin bu programa y\u00f6neldi\u011fini ve tam anlam\u0131yla y\u00fcr\u00fct\u00fcld\u00fc\u011f\u00fcnde ses getirecek bir program oldu\u011funu ifade etti.<\/p>\n\n\n\n<p>Farkl\u0131 b\u00f6l\u00fcmlerden T\u0131p Fak\u00fcltesi \u00f6\u011fretim \u00fcyeleri de e\u011fitim program\u0131 ile ilgili haz\u0131rl\u0131klar\u0131n\u0131 tamamlad\u0131klar\u0131n\u0131 s\u00f6yleyerek programdan memnuniyetlerini dile getirdi.<\/p>\n\n\n\n<p>Akdeniz \u00dcniversitesi Rekt\u00f6rl\u00fc\u011f\u00fc \/ B\u00fclten<\/p>\n","protected":false},"excerpt":{"rendered":"<p>Akdeniz \u00dcniversitesi T\u0131p Fak\u00fcltesi 2023-2024 y\u0131l\u0131 e\u011fitimi ile ilgili son haz\u0131rl\u0131k toplant\u0131s\u0131n\u0131 Rekt\u00f6r Prof. Dr. \u00d6zlenen \u00d6zkan ba\u015fkanl\u0131\u011f\u0131nda ger\u00e7ekle\u015ftirdi. Toplant\u0131da T\u00fcrkiye\u2019de ilk kez Akdeniz \u00dcniversitesi\u2019nde <a href=\"https:\/\/akdenizhaber.com.tr\/index.php\/2023\/09\/08\/akdeniz-universitesi-yine-turkiyeye-ornek-olacak\/\" class=\"read-more-link\">[more&#8230;]<\/a><\/p>\n","protected":false},"author":1,"featured_media":15438,"comment_status":"open","ping_status":"open","sticky":false,"template":"","format":"standard","meta":{"footnotes":""},"categories":[2],"tags":[],"class_list":["post-15437","post","type-post","status-publish","format-standard","has-post-thumbnail","hentry","category-gundem"],"_links":{"self":[{"href":"https:\/\/akdenizhaber.com.tr\/index.php\/wp-json\/wp\/v2\/posts\/15437","targetHints":{"allow":["GET"]}}],"collection":[{"href":"https:\/\/akdenizhaber.com.tr\/index.php\/wp-json\/wp\/v2\/posts"}],"about":[{"href":"https:\/\/akdenizhaber.com.tr\/index.php\/wp-json\/wp\/v2\/types\/post"}],"author":[{"embeddable":true,"href":"https:\/\/akdenizhaber.com.tr\/index.php\/wp-json\/wp\/v2\/users\/1"}],"replies":[{"embeddable":true,"href":"https:\/\/akdenizhaber.com.tr\/index.php\/wp-json\/wp\/v2\/comments?post=15437"}],"version-history":[{"count":0,"href":"https:\/\/akdenizhaber.com.tr\/index.php\/wp-json\/wp\/v2\/posts\/15437\/revisions"}],"wp:featuredmedia":[{"embeddable":true,"href":"https:\/\/akdenizhaber.com.tr\/index.php\/wp-json\/"}],"wp:attachment":[{"href":"https:\/\/akdenizhaber.com.tr\/index.php\/wp-json\/wp\/v2\/media?parent=15437"}],"wp:term":[{"taxonomy":"category","embeddable":true,"href":"https:\/\/akdenizhaber.com.tr\/index.php\/wp-json\/wp\/v2\/categories?post=15437"},{"taxonomy":"post_tag","embeddable":true,"href":"https:\/\/akdenizhaber.com.tr\/index.php\/wp-json\/wp\/v2\/tags?post=15437"}],"curies":[{"name":"wp","href":"https:\/\/api.w.org\/{rel}","templated":true}]}}