{"id":15011,"date":"2023-09-04T15:28:33","date_gmt":"2023-09-04T12:28:33","guid":{"rendered":"https:\/\/akdenizhaber.com.tr\/?p=15011"},"modified":"2023-09-04T15:28:33","modified_gmt":"2023-09-04T12:28:33","slug":"hastane-kadrosuna-2-doktor-daha-katildi","status":"publish","type":"post","link":"https:\/\/akdenizhaber.com.tr\/index.php\/2023\/09\/04\/hastane-kadrosuna-2-doktor-daha-katildi\/","title":{"rendered":"Hastane kadrosuna 2 doktor daha kat\u0131ld\u0131"},"content":{"rendered":"\n<p><\/p>\n\n\n\n<p>Manavgat Devlet Hastanesi b\u00fcnyesine 2 yeni Doktor daha kat\u0131ld\u0131. Anestezi Uzman\u0131 Dr.Fatma \u00d6zdemir \u00d6zkan ve \u00c7ocuk Hastal\u0131klar\u0131 Uzman\u0131 Dr. Ayhatun Topal atamalar\u0131 tamamlanarak Manavgat Devlet Hastanesin de hasta kabul\u00fcne ba\u015flad\u0131lar. <\/p>\n\n\n\n<figure class=\"wp-block-image size-full\"><img decoding=\"async\" src=\"https:\/\/akdenizhaber.com.tr\/wp-content\/uploads\/2023\/09\/anestezi.jpg\" alt=\"\" class=\"wp-image-15013\"\/><\/figure>\n\n\n\n<p>Ba\u015fhekim Mehmet Deniz yeni atamalarla birlikte Doktor kadrosunun daha da g\u00fc\u00e7lendi\u011fini belirterek \u201cKendilerine ve Manavgat\u2019\u0131m\u0131za hay\u0131rl\u0131 olsun.\u201d dedi<\/p>\n\n\n\n<p>(Haber Merkezi)<\/p>\n","protected":false},"excerpt":{"rendered":"<p>Manavgat Devlet Hastanesi b\u00fcnyesine 2 yeni Doktor daha kat\u0131ld\u0131. Anestezi Uzman\u0131 Dr.Fatma \u00d6zdemir \u00d6zkan ve \u00c7ocuk Hastal\u0131klar\u0131 Uzman\u0131 Dr. Ayhatun Topal atamalar\u0131 tamamlanarak Manavgat Devlet <a href=\"https:\/\/akdenizhaber.com.tr\/index.php\/2023\/09\/04\/hastane-kadrosuna-2-doktor-daha-katildi\/\" class=\"read-more-link\">[more&#8230;]<\/a><\/p>\n","protected":false},"author":1,"featured_media":15012,"comment_status":"open","ping_status":"open","sticky":false,"template":"","format":"standard","meta":{"footnotes":""},"categories":[2],"tags":[],"class_list":["post-15011","post","type-post","status-publish","format-standard","has-post-thumbnail","hentry","category-gundem"],"_links":{"self":[{"href":"https:\/\/akdenizhaber.com.tr\/index.php\/wp-json\/wp\/v2\/posts\/15011","targetHints":{"allow":["GET"]}}],"collection":[{"href":"https:\/\/akdenizhaber.com.tr\/index.php\/wp-json\/wp\/v2\/posts"}],"about":[{"href":"https:\/\/akdenizhaber.com.tr\/index.php\/wp-json\/wp\/v2\/types\/post"}],"author":[{"embeddable":true,"href":"https:\/\/akdenizhaber.com.tr\/index.php\/wp-json\/wp\/v2\/users\/1"}],"replies":[{"embeddable":true,"href":"https:\/\/akdenizhaber.com.tr\/index.php\/wp-json\/wp\/v2\/comments?post=15011"}],"version-history":[{"count":0,"href":"https:\/\/akdenizhaber.com.tr\/index.php\/wp-json\/wp\/v2\/posts\/15011\/revisions"}],"wp:featuredmedia":[{"embeddable":true,"href":"https:\/\/akdenizhaber.com.tr\/index.php\/wp-json\/"}],"wp:attachment":[{"href":"https:\/\/akdenizhaber.com.tr\/index.php\/wp-json\/wp\/v2\/media?parent=15011"}],"wp:term":[{"taxonomy":"category","embeddable":true,"href":"https:\/\/akdenizhaber.com.tr\/index.php\/wp-json\/wp\/v2\/categories?post=15011"},{"taxonomy":"post_tag","embeddable":true,"href":"https:\/\/akdenizhaber.com.tr\/index.php\/wp-json\/wp\/v2\/tags?post=15011"}],"curies":[{"name":"wp","href":"https:\/\/api.w.org\/{rel}","templated":true}]}}