{"id":15008,"date":"2023-09-04T15:26:19","date_gmt":"2023-09-04T12:26:19","guid":{"rendered":"https:\/\/akdenizhaber.com.tr\/?p=15008"},"modified":"2023-09-04T15:26:19","modified_gmt":"2023-09-04T12:26:19","slug":"cocuklarda-gelisim-geriligi","status":"publish","type":"post","link":"https:\/\/akdenizhaber.com.tr\/index.php\/2023\/09\/04\/cocuklarda-gelisim-geriligi\/","title":{"rendered":"\u00c7OCUKLARDA GEL\u0130\u015e\u0130M GER\u0130L\u0130\u011e\u0130"},"content":{"rendered":"\n<p>\u00c7ocu\u011fun belli aylar ve ya\u015f\u0131na,ya\u015f grubuna uygun kendisinden yapmas\u0131 beklenen becerileri yapmakta zorlanarak yapamamas\u0131 durumu geli\u015fim gerili\u011fi olarak adland\u0131r\u0131l\u0131r. Bu gerilik do\u011fu\u015ftan oldu\u011fu gibi sonradan da meydana gelebilir. Geli\u015fim gerili\u011fini \u00e7ocuk geli\u015fimciler \u00e7ocuklar\u0131n fiziksel,zihinsel,dil ve sosyal duygusal alanlarda olmak \u00fczere bir\u00e7ok alanda takibini yaparlar. Ailenin fark\u0131nda olmad\u0131\u011f\u0131 bir gerili\u011fi geli\u015fim kontrollerinde \u00e7ocuk geli\u015fimci tespit edip \u00f6n\u00fcne ge\u00e7ebilir. Uygun bir e\u011fitim program\u0131 haz\u0131rlar. B\u00fct\u00fcnsel olarak gerekli durumlarda aileyle de \u00e7ocukla da bireysel \u00e7al\u0131\u015fmalar yap\u0131l\u0131r. Ailer 0-3 ya\u015f \u00e7ocuklar\u0131n\u0131 alt\u0131 ayda bir, 3-6 ya\u015f \u00e7ocuklar\u0131n\u0131 ise y\u0131lda y\u0131lda bir kez geli\u015fim takibini yapt\u0131rmal\u0131d\u0131r.\u00d6rnek verecek olursak,dil alan\u0131nda ya\u015fan\u0131lan bir gerilik ve aksakl\u0131k \u00e7ocu\u011fun diger arkada\u015f ve akran grubuyla ileti\u015fimini,sosyalle\u015fmesini azaltaca\u011f\u0131ndan sadece dil alan\u0131n\u0131 de\u011fil sosyal duygusal geli\u015fim alan\u0131n\u0131nda gerilemesine neden olacakt\u0131r. Olas\u0131 ya\u015fan\u0131lan bir geli\u015fim gerili\u011fi,\u00e7ocu\u011fun t\u00fcm ya\u015fam\u0131n\u0131 olumsuz etkiler. Geli\u015fim bir b\u00fct\u00fcnd\u00fcr ve b\u00fct\u00fcnsel olarak her alanla ele al\u0131n\u0131r.\u0130lk 6 y\u0131l b\u00fcy\u00fck \u00f6nem ta\u015f\u0131r. \u00c7ocu\u011fun bu d\u00f6nemlerde ki sosyal duygusal,fiziksel ve zihinsel ya\u015fant\u0131s\u0131 ileriki d\u00f6nemlerinin belirleyicisi olacakt\u0131r. \u00c7ocu\u011fun rutin olarak geli\u015fim takibi yapt\u0131r\u0131lmas\u0131,do\u011fru y\u00f6nde desteklenmesini sa\u011flar. Geli\u015fim takibi yap\u0131lmayan \u00e7ocuklarda,g\u00f6zden ka\u00e7an ve farkedilmeyen gerilikler,\u00e7ocu\u011fun di\u011fer alanlarda ya\u015fayaca\u011f\u0131 yetersizlikler,zorlanmalar ve farkl\u0131 sorunlar ya\u015famas\u0131na neden olur. Kurucusu oldu\u011fum \u00d6r\u00fcnt\u00fc \u00c7ocuk Geli\u015fimi ve Dan\u0131\u015fmanl\u0131k Merkezi sayfamdan bana ula\u015f\u0131m sa\u011flayabilirsiniz.<\/p>\n","protected":false},"excerpt":{"rendered":"<p>\u00c7ocu\u011fun belli aylar ve ya\u015f\u0131na,ya\u015f grubuna uygun kendisinden yapmas\u0131 beklenen becerileri yapmakta zorlanarak yapamamas\u0131 durumu geli\u015fim gerili\u011fi olarak adland\u0131r\u0131l\u0131r. Bu gerilik do\u011fu\u015ftan oldu\u011fu gibi sonradan <a href=\"https:\/\/akdenizhaber.com.tr\/index.php\/2023\/09\/04\/cocuklarda-gelisim-geriligi\/\" class=\"read-more-link\">[more&#8230;]<\/a><\/p>\n","protected":false},"author":1,"featured_media":15009,"comment_status":"open","ping_status":"open","sticky":false,"template":"","format":"standard","meta":{"footnotes":""},"categories":[2],"tags":[],"class_list":["post-15008","post","type-post","status-publish","format-standard","has-post-thumbnail","hentry","category-gundem"],"_links":{"self":[{"href":"https:\/\/akdenizhaber.com.tr\/index.php\/wp-json\/wp\/v2\/posts\/15008","targetHints":{"allow":["GET"]}}],"collection":[{"href":"https:\/\/akdenizhaber.com.tr\/index.php\/wp-json\/wp\/v2\/posts"}],"about":[{"href":"https:\/\/akdenizhaber.com.tr\/index.php\/wp-json\/wp\/v2\/types\/post"}],"author":[{"embeddable":true,"href":"https:\/\/akdenizhaber.com.tr\/index.php\/wp-json\/wp\/v2\/users\/1"}],"replies":[{"embeddable":true,"href":"https:\/\/akdenizhaber.com.tr\/index.php\/wp-json\/wp\/v2\/comments?post=15008"}],"version-history":[{"count":0,"href":"https:\/\/akdenizhaber.com.tr\/index.php\/wp-json\/wp\/v2\/posts\/15008\/revisions"}],"wp:featuredmedia":[{"embeddable":true,"href":"https:\/\/akdenizhaber.com.tr\/index.php\/wp-json\/"}],"wp:attachment":[{"href":"https:\/\/akdenizhaber.com.tr\/index.php\/wp-json\/wp\/v2\/media?parent=15008"}],"wp:term":[{"taxonomy":"category","embeddable":true,"href":"https:\/\/akdenizhaber.com.tr\/index.php\/wp-json\/wp\/v2\/categories?post=15008"},{"taxonomy":"post_tag","embeddable":true,"href":"https:\/\/akdenizhaber.com.tr\/index.php\/wp-json\/wp\/v2\/tags?post=15008"}],"curies":[{"name":"wp","href":"https:\/\/api.w.org\/{rel}","templated":true}]}}