{"id":15002,"date":"2023-09-04T15:24:50","date_gmt":"2023-09-04T12:24:50","guid":{"rendered":"https:\/\/akdenizhaber.com.tr\/?p=15002"},"modified":"2023-09-04T15:24:50","modified_gmt":"2023-09-04T12:24:50","slug":"sampiyonuz","status":"publish","type":"post","link":"https:\/\/akdenizhaber.com.tr\/index.php\/2023\/09\/04\/sampiyonuz\/","title":{"rendered":"\u015eAMP\u0130YONUZ.."},"content":{"rendered":"\n<p><\/p>\n\n\n\n<p>Pazar g\u00fcn\u00fc t\u00fcm \u00fclke 7\u2019den 70\u2019 bizim k\u0131zlara kilitlendik..<\/p>\n\n\n\n<p>T\u00fcm \u00fclke derken arada oyun bozanl\u0131k k\u0131zlar\u0131m\u0131z\u0131 \u00e7ekemeyenler dedikodular\u0131 ile y\u0131pratarak \u015fampiyon olmalar\u0131n\u0131 istemeyen az\u0131nl\u0131\u011f\u0131 da unutmamak gerek..<\/p>\n\n\n\n<p>Bu az\u0131nl\u0131\u011fa ilk dersi yine A Milli voleybol tak\u0131m\u0131m\u0131z\u0131n Atat\u00fcrk\u00e7\u00fc k\u0131zlar\u0131 verdi.<\/p>\n\n\n\n<p>Sevin\u00e7ten uyuyamad\u0131k, s\u00fcper lig ma\u00e7lar\u0131 heyecan\u0131 bile geride kald\u0131.<\/p>\n\n\n\n<p>P\u00fcr dikkat \u015fampiyonluk ma\u00e7\u0131na odakland\u0131k..Geriden gelerek yine ma\u00e7\u0131 kazand\u0131 k\u0131zlar\u0131m\u0131z..<\/p>\n\n\n\n<p>Bizler ise o esnada \u00f6l\u00fcp \u00f6l\u00fcp dirildik..<\/p>\n\n\n\n<p>Sonu\u00e7ta \u00e7ok keyifli bir \u015fampiyonluk ya\u015fatt\u0131 Atat\u00fcrk\u2019\u00fcn k\u0131zlar\u0131 hepimize..<\/p>\n\n\n\n<p>Te\u015fekk\u00fcrler hepinize, hem de y\u00fcrek dolusu te\u015fekk\u00fcrler.<\/p>\n\n\n\n<p>\u015eampiyonluk sevincimiz \u00e7ok uzun s\u00fcrmedi tabiri caiz ise kursa\u011f\u0131m\u0131zda kald\u0131.<\/p>\n\n\n\n<p>Sevin\u00e7le ba\u015flad\u0131\u011f\u0131m\u0131z hafta ba\u015f\u0131na zamlarla uyand\u0131k.<\/p>\n\n\n\n<p>Yeter..Pes..Diyesimiz varda dinleyen yok be karde\u015fim..<\/p>\n\n\n\n<p>Zamlar se\u00e7imlerden bu yana sa\u011fanak halinde devam ediyor..<\/p>\n\n\n\n<p>Direncimiz iyice k\u0131r\u0131ld\u0131 desem yeridir..<\/p>\n\n\n\n<p>Ger\u00e7ek anlamda dayanacak halimiz kalmad\u0131..<\/p>\n\n\n\n<p>Sigara ve alkole yap\u0131lan zamm\u0131n ard\u0131ndan akaryak\u0131t zamm\u0131 da yolda..<\/p>\n\n\n\n<p>Dolay\u0131s\u0131yla bu zamlar\u0131n\u0131 pe\u015fi s\u0131ra \u00e7orap ipli\u011fi gibi s\u00f6k\u00fcklerle zamlar devam edecek..<\/p>\n\n\n\n<p>Bir yanda b\u00fcy\u00fck bir mutluluk, b\u00fcy\u00fck bir \u015fampiyonluk tad\u0131na var\u0131lmaz muhte\u015fem bir tablo kar\u015f\u0131s\u0131nda mest olmamak m\u00fcmk\u00fcn m\u00fc?..<\/p>\n\n\n\n<p>Tabikii de\u011fil..<\/p>\n\n\n\n<p>Ama birde zamlar\u0131n kar\u015f\u0131s\u0131ndaki milletin pes edi\u015fine g\u00f6z atmak..<\/p>\n\n\n\n<p>Onlar\u0131n sesine kulak vermek gerek..<\/p>\n\n\n\n<p>Milletin sesi solu\u011fu \u00e7\u0131km\u0131yor diye y\u00fcklendik\u00e7e y\u00fckleniyor.<\/p>\n\n\n\n<p>Yeter art\u0131k..Pes be karde\u015fim..<\/p>\n\n\n\n<p>\u015eimdi diyeceksiniz sigara i\u00e7meyin,alkol t\u00fcketmeyin..<\/p>\n\n\n\n<p>Tamam eyvallah t\u00fcketmeyelim..<\/p>\n\n\n\n<p>O zamlarla birlikte yans\u0131yan zamlar\u0131 ne yapaca\u011f\u0131z..<\/p>\n\n\n\n<p>Ekmekte mi almayal\u0131m?..<\/p>\n\n\n\n<p>Makarna da m\u0131 yemeyelim..<\/p>\n\n\n\n<p>Ya da yumurta..Et\u2019ten vazge\u00e7tik,kasap vitrinlerinde seyrediyor art\u0131k.<\/p>\n\n\n\n<p>Ama l\u00fctfen halk\u0131n\u0131z\u0131 d\u00fc\u015f\u00fcn\u00fcn ..<\/p>\n\n\n\n<p>T\u00fcrk halk\u0131 bu zamlar\u0131 ger\u00e7ek anlamda hak etmiyor,bilginiz ola..<\/p>\n\n\n\n<p>Haydi, kal\u0131n sa\u011fl\u0131cakla.<\/p>\n\n\n\n<p>Her \u015fey y\u00fcre\u011finize g\u00f6re olsun..<\/p>\n\n\n\n<p>HOPDED\u0130K<br>\u015eAMP\u0130YON..<\/p>\n\n\n\n<p>K\u0131zlar\u0131m\u0131z Avrupa \u015fampiyonu oldu.<\/p>\n\n\n\n<p>Sevin\u00e7ten u\u00e7tuk,<\/p>\n\n\n\n<p>Sabah kalkt\u0131\u011f\u0131m\u0131zda ise<\/p>\n\n\n\n<p>Zamlar i\u00e7inde<\/p>\n\n\n\n<p>Kaybolduk..<\/p>\n","protected":false},"excerpt":{"rendered":"<p>Pazar g\u00fcn\u00fc t\u00fcm \u00fclke 7\u2019den 70\u2019 bizim k\u0131zlara kilitlendik.. T\u00fcm \u00fclke derken arada oyun bozanl\u0131k k\u0131zlar\u0131m\u0131z\u0131 \u00e7ekemeyenler dedikodular\u0131 ile y\u0131pratarak \u015fampiyon olmalar\u0131n\u0131 istemeyen az\u0131nl\u0131\u011f\u0131 da <a href=\"https:\/\/akdenizhaber.com.tr\/index.php\/2023\/09\/04\/sampiyonuz\/\" class=\"read-more-link\">[more&#8230;]<\/a><\/p>\n","protected":false},"author":1,"featured_media":15003,"comment_status":"open","ping_status":"open","sticky":false,"template":"","format":"standard","meta":{"footnotes":""},"categories":[2],"tags":[],"class_list":["post-15002","post","type-post","status-publish","format-standard","has-post-thumbnail","hentry","category-gundem"],"_links":{"self":[{"href":"https:\/\/akdenizhaber.com.tr\/index.php\/wp-json\/wp\/v2\/posts\/15002","targetHints":{"allow":["GET"]}}],"collection":[{"href":"https:\/\/akdenizhaber.com.tr\/index.php\/wp-json\/wp\/v2\/posts"}],"about":[{"href":"https:\/\/akdenizhaber.com.tr\/index.php\/wp-json\/wp\/v2\/types\/post"}],"author":[{"embeddable":true,"href":"https:\/\/akdenizhaber.com.tr\/index.php\/wp-json\/wp\/v2\/users\/1"}],"replies":[{"embeddable":true,"href":"https:\/\/akdenizhaber.com.tr\/index.php\/wp-json\/wp\/v2\/comments?post=15002"}],"version-history":[{"count":0,"href":"https:\/\/akdenizhaber.com.tr\/index.php\/wp-json\/wp\/v2\/posts\/15002\/revisions"}],"wp:featuredmedia":[{"embeddable":true,"href":"https:\/\/akdenizhaber.com.tr\/index.php\/wp-json\/"}],"wp:attachment":[{"href":"https:\/\/akdenizhaber.com.tr\/index.php\/wp-json\/wp\/v2\/media?parent=15002"}],"wp:term":[{"taxonomy":"category","embeddable":true,"href":"https:\/\/akdenizhaber.com.tr\/index.php\/wp-json\/wp\/v2\/categories?post=15002"},{"taxonomy":"post_tag","embeddable":true,"href":"https:\/\/akdenizhaber.com.tr\/index.php\/wp-json\/wp\/v2\/tags?post=15002"}],"curies":[{"name":"wp","href":"https:\/\/api.w.org\/{rel}","templated":true}]}}