{"id":14993,"date":"2023-09-04T15:22:30","date_gmt":"2023-09-04T12:22:30","guid":{"rendered":"https:\/\/akdenizhaber.com.tr\/?p=14993"},"modified":"2023-09-04T15:22:30","modified_gmt":"2023-09-04T12:22:30","slug":"lezzet-dolu-festival","status":"publish","type":"post","link":"https:\/\/akdenizhaber.com.tr\/index.php\/2023\/09\/04\/lezzet-dolu-festival\/","title":{"rendered":"Lezzet dolu festival"},"content":{"rendered":"\n<p><\/p>\n\n\n\n<p>Antalya B\u00fcy\u00fck\u015fehir Belediyesi\u2019nin ev sahipli\u011finde ger\u00e7ekle\u015fen Uluslararas\u0131 Food Fest Antalya Gastronomi Festivali\u2019nin ikinci g\u00fcn\u00fcnde Michelin y\u0131ld\u0131zl\u0131 ve \u00fcnl\u00fc \u015feflerin \u015fovlar\u0131, s\u00f6yle\u015fi, yar\u0131\u015fma, panel ve konserler ile ziyaret\u00e7ilerine gastronomi \u015f\u00f6leni ya\u015fatt\u0131.&nbsp;<\/p>\n\n\n\n<p>&#8220;S\u00fcrd\u00fcr\u00fclebilirlik, Biyo\u00e7e\u015fitlilik ve Yerel \u00dcr\u00fcnlerin Desteklenmesi&#8221; temas\u0131yla bu y\u0131l ikincisi d\u00fczenlenen gastronomi festivali, lezzet tutkunlar\u0131n\u0131n ak\u0131n\u0131na u\u011frad\u0131. Karaalio\u011flu Park\u0131 i\u00e7inde kurulan festival alan\u0131nda \u00fcnl\u00fc \u015fefler, gurmeler, gastronomi ve turizm yazarlar\u0131, sekt\u00f6r\u00fcn farkl\u0131 alanlar\u0131ndaki profesyoneller, yeme i\u00e7me sekt\u00f6r\u00fcndeki i\u015fletmeciler bir araya geldi.<\/p>\n\n\n\n<p>MICHELIN YILDIZLI LEZZET \u015eOV<\/p>\n\n\n\n<p>Uluslararas\u0131 Food Fest Antalya, ikinci g\u00fcn\u00fcnde farkl\u0131 i\u00e7erikteki s\u00f6yle\u015fi, panel, workshop, \u00f6\u011fretici ve e\u011flenceli birbirinden farkl\u0131 etkinlikle devam etti. D\u00fcnyaca \u00fcnl\u00fc Michelin Y\u0131ld\u0131zl\u0131 \u015fefler Marc Segarra ve Yoshizumi Nagaya\u2019n\u0131n workshop\u2019lar\u0131 festivalin ikinci g\u00fcn\u00fcne renk katt\u0131. \u00dcnl\u00fc \u015feflerin lezzet \u015fovlar\u0131 konuklar taraf\u0131ndan ilgiyle izlendi ve b\u00fcy\u00fck be\u011feni toplad\u0131. \u00dcnl\u00fc \u015fef C\u00fcneyt Asan\u2019da workshop etkinli\u011finde Hassaten Lokma ve Et yeme\u011fi yapt\u0131. E\u011flenceli sunumu ile alk\u0131\u015f toplayan C\u00fcneyt Asan, workshop sonunda yapt\u0131\u011f\u0131 yeme\u011fi izleyicilere de ikram etti.<\/p>\n\n\n\n<p>MASTERCHEF \u0130LE KEY\u0130FL\u0130 S\u00d6YLE\u015e\u0130<\/p>\n\n\n\n<p>Festival kapsam\u0131nda MasterChef Somer Sivrio\u011flu\u2019da Antalyal\u0131larla bulu\u015ftu. G\u00f6kmen S\u00f6zen moderat\u00f6rl\u00fc\u011f\u00fcnde ve Antalya B\u00fcy\u00fck\u015fehir Belediyesi Muhittin B\u00f6cek\u2019in de kat\u0131l\u0131m\u0131yla&nbsp; \u2018\u2018Yerel Mutfaklar\u0131n Yurtd\u0131\u015f\u0131nda Tan\u0131t\u0131m\u0131nda Uygulanmas\u0131 Gereken Stratejiler\u2019 konulu s\u00f6yle\u015fi ger\u00e7ekle\u015fti. Antalyal\u0131lar \u00fcnl\u00fc \u015fefin s\u00f6yle\u015fisine yo\u011fun ilgi g\u00f6sterdi. Yeniden Antalya\u2019da olmaktan mutlu oldu\u011funu s\u00f6yleyen Somer Sivrio\u011flu, \u201cYerel \u00fcr\u00fcnlere, \u00fcreticilere ve ata tohumlar\u0131na sahip \u00e7\u0131k\u0131lmas\u0131 gerekiyor. Antalya\u2019n\u0131n bu konuda \u00f6nc\u00fc oldu\u011funu ve Muhittin B\u00f6cek Ba\u015fkan\u0131n da tar\u0131ma olan deste\u011fini biliyorum\u201d diye konu\u015ftu.<\/p>\n\n\n\n<p>GASTRONOM\u0130 KONU\u015eULDU<\/p>\n\n\n\n<p>Lezzet festivalinde ayr\u0131ca Aykut \u00dcner, U\u011fur Volkan Uysal, Ebru Baybara Demir, \u00d6zlem \u00d6zt\u00fcrk, Tuncay G\u00fclc\u00fc, Asuman Dokg\u00f6z, Mine \u00d6zmen, Maria Ekmek\u00e7io\u011flu, Mehmet Akda\u011f, Mahmut G\u00f6kkaya, Erdal At\u0131lgan, Cem K\u0131nay, O\u011fuz Yenihayat, \u00d6m\u00fcr Akkor gibi \u00fcnl\u00fc isimlerin kat\u0131ld\u0131\u011f\u0131 workshop, panel s\u00f6yle\u015filer d\u00fczenlendi.<\/p>\n\n\n\n<p>\u015eEFLER YEREL LEZZETLER \u0130LE YARI\u015eTI<\/p>\n\n\n\n<p><a><\/a>Foodfest Antalya\u2019n\u0131n ikinci g\u00fcn\u00fcnde yerel \u00fcr\u00fcnleri \u00f6n plana \u00e7\u0131karmak amac\u0131yla \u201cInternational Chef Competition (Uluslararas\u0131 \u015eeflik Yar\u0131\u015fmas\u0131) d\u00fczenlendi. International Chef Competition\u2019da, Gastronomi d\u00fcnyas\u0131n\u0131n \u00f6nde gelen isimlerinin j\u00fcri \u00fcyeli\u011fini yapt\u0131\u011f\u0131, birbirinden se\u00e7kin 6 otel yar\u0131\u015ft\u0131. Otel \u015fefleri, yerel \u00fcr\u00fcnler ile haz\u0131rlad\u0131klar\u0131 ba\u015flang\u0131\u00e7, ana yemek ve tatl\u0131dan olu\u015fan men\u00fclerini yar\u0131\u015fmada sergiledi. Yar\u0131\u015fmada Palome Finesse Otel birincili\u011fi kazand\u0131.<\/p>\n\n\n\n<p><a><\/a>Antalya B\u00fcy\u00fck\u015fehir Belediyesi \/ B\u00fclten<\/p>\n","protected":false},"excerpt":{"rendered":"<p>Antalya B\u00fcy\u00fck\u015fehir Belediyesi\u2019nin ev sahipli\u011finde ger\u00e7ekle\u015fen Uluslararas\u0131 Food Fest Antalya Gastronomi Festivali\u2019nin ikinci g\u00fcn\u00fcnde Michelin y\u0131ld\u0131zl\u0131 ve \u00fcnl\u00fc \u015feflerin \u015fovlar\u0131, s\u00f6yle\u015fi, yar\u0131\u015fma, panel ve konserler <a href=\"https:\/\/akdenizhaber.com.tr\/index.php\/2023\/09\/04\/lezzet-dolu-festival\/\" class=\"read-more-link\">[more&#8230;]<\/a><\/p>\n","protected":false},"author":1,"featured_media":14994,"comment_status":"open","ping_status":"open","sticky":false,"template":"","format":"standard","meta":{"footnotes":""},"categories":[2],"tags":[],"class_list":["post-14993","post","type-post","status-publish","format-standard","has-post-thumbnail","hentry","category-gundem"],"_links":{"self":[{"href":"https:\/\/akdenizhaber.com.tr\/index.php\/wp-json\/wp\/v2\/posts\/14993","targetHints":{"allow":["GET"]}}],"collection":[{"href":"https:\/\/akdenizhaber.com.tr\/index.php\/wp-json\/wp\/v2\/posts"}],"about":[{"href":"https:\/\/akdenizhaber.com.tr\/index.php\/wp-json\/wp\/v2\/types\/post"}],"author":[{"embeddable":true,"href":"https:\/\/akdenizhaber.com.tr\/index.php\/wp-json\/wp\/v2\/users\/1"}],"replies":[{"embeddable":true,"href":"https:\/\/akdenizhaber.com.tr\/index.php\/wp-json\/wp\/v2\/comments?post=14993"}],"version-history":[{"count":0,"href":"https:\/\/akdenizhaber.com.tr\/index.php\/wp-json\/wp\/v2\/posts\/14993\/revisions"}],"wp:featuredmedia":[{"embeddable":true,"href":"https:\/\/akdenizhaber.com.tr\/index.php\/wp-json\/"}],"wp:attachment":[{"href":"https:\/\/akdenizhaber.com.tr\/index.php\/wp-json\/wp\/v2\/media?parent=14993"}],"wp:term":[{"taxonomy":"category","embeddable":true,"href":"https:\/\/akdenizhaber.com.tr\/index.php\/wp-json\/wp\/v2\/categories?post=14993"},{"taxonomy":"post_tag","embeddable":true,"href":"https:\/\/akdenizhaber.com.tr\/index.php\/wp-json\/wp\/v2\/tags?post=14993"}],"curies":[{"name":"wp","href":"https:\/\/api.w.org\/{rel}","templated":true}]}}