{"id":14987,"date":"2023-09-04T15:20:49","date_gmt":"2023-09-04T12:20:49","guid":{"rendered":"https:\/\/akdenizhaber.com.tr\/?p=14987"},"modified":"2023-09-04T15:20:49","modified_gmt":"2023-09-04T12:20:49","slug":"antalyada-ibradi-ruzgari","status":"publish","type":"post","link":"https:\/\/akdenizhaber.com.tr\/index.php\/2023\/09\/04\/antalyada-ibradi-ruzgari\/","title":{"rendered":"Antalya\u2019da \u0130brad\u0131 R\u00fczgar\u0131"},"content":{"rendered":"\n<p><\/p>\n\n\n\n<p>Antalya B\u00fcy\u00fck\u015fehir Belediyesi\u2019nin d\u00fczenledi\u011fi 2. Uluslararas\u0131 Foodfest Gastronomi Festivalinde \u0130brad\u0131 r\u00fczg\u00e2r\u0131 esti.<br><br>2. Uluslararas\u0131 Foodfest Gastronomi Festivaline \u0130brad\u0131 damgas\u0131n\u0131 vurdu. \u0130brad\u0131 Belediyesinin a\u00e7m\u0131\u015f oldu\u011fu stant festival boyunca yo\u011fun ilgi g\u00f6rd\u00fc.\u00a0 Stantta \u0130brad\u0131\u2019n\u0131n kestanesi, tarhanas\u0131, baklavas\u0131, \u015ferbeti, pekmez \u00e7e\u015fitleri, bal\u0131, re\u00e7el \u00e7e\u015fitleri, ada\u00e7ay\u0131 ve keki\u011fiyle ve bir\u00e7ok y\u00f6resel \u00fcr\u00fcnlerinin tan\u0131t\u0131m\u0131 yap\u0131ld\u0131<br><br>Festivalde tarhana sunumu, \u015ferbet, ev baklavas\u0131 ve kestane ikram\u0131 misafirlerin ilgi oda\u011f\u0131 oldu. Ba\u015fkan K\u00fc\u00e7\u00fckkuru, \u201c 2. Uluslararas\u0131 Foodfest Gastronomi Festival\u2019inde y\u00f6resel de\u011ferlerimize sahip \u00e7\u0131kmak ad\u0131na g\u00fczel bir stant haz\u0131rlad\u0131k. Festivale ve stand\u0131m\u0131za halk\u0131m\u0131z\u0131n g\u00f6stermi\u015f oldu\u011fu ilgiden \u00e7ok memnun kald\u0131k. \u00a0Eme\u011fi ge\u00e7en herkese te\u015fekk\u00fcr ederim\u201d dedi.<br>Antalya B\u00fcy\u00fck\u015fehir Belediyesi \/ B\u00fclten<br><br><\/p>\n","protected":false},"excerpt":{"rendered":"<p>Antalya B\u00fcy\u00fck\u015fehir Belediyesi\u2019nin d\u00fczenledi\u011fi 2. Uluslararas\u0131 Foodfest Gastronomi Festivalinde \u0130brad\u0131 r\u00fczg\u00e2r\u0131 esti. 2. Uluslararas\u0131 Foodfest Gastronomi Festivaline \u0130brad\u0131 damgas\u0131n\u0131 vurdu. \u0130brad\u0131 Belediyesinin a\u00e7m\u0131\u015f oldu\u011fu stant <a href=\"https:\/\/akdenizhaber.com.tr\/index.php\/2023\/09\/04\/antalyada-ibradi-ruzgari\/\" class=\"read-more-link\">[more&#8230;]<\/a><\/p>\n","protected":false},"author":1,"featured_media":14988,"comment_status":"open","ping_status":"open","sticky":false,"template":"","format":"standard","meta":{"footnotes":""},"categories":[2],"tags":[],"class_list":["post-14987","post","type-post","status-publish","format-standard","has-post-thumbnail","hentry","category-gundem"],"_links":{"self":[{"href":"https:\/\/akdenizhaber.com.tr\/index.php\/wp-json\/wp\/v2\/posts\/14987","targetHints":{"allow":["GET"]}}],"collection":[{"href":"https:\/\/akdenizhaber.com.tr\/index.php\/wp-json\/wp\/v2\/posts"}],"about":[{"href":"https:\/\/akdenizhaber.com.tr\/index.php\/wp-json\/wp\/v2\/types\/post"}],"author":[{"embeddable":true,"href":"https:\/\/akdenizhaber.com.tr\/index.php\/wp-json\/wp\/v2\/users\/1"}],"replies":[{"embeddable":true,"href":"https:\/\/akdenizhaber.com.tr\/index.php\/wp-json\/wp\/v2\/comments?post=14987"}],"version-history":[{"count":0,"href":"https:\/\/akdenizhaber.com.tr\/index.php\/wp-json\/wp\/v2\/posts\/14987\/revisions"}],"wp:featuredmedia":[{"embeddable":true,"href":"https:\/\/akdenizhaber.com.tr\/index.php\/wp-json\/"}],"wp:attachment":[{"href":"https:\/\/akdenizhaber.com.tr\/index.php\/wp-json\/wp\/v2\/media?parent=14987"}],"wp:term":[{"taxonomy":"category","embeddable":true,"href":"https:\/\/akdenizhaber.com.tr\/index.php\/wp-json\/wp\/v2\/categories?post=14987"},{"taxonomy":"post_tag","embeddable":true,"href":"https:\/\/akdenizhaber.com.tr\/index.php\/wp-json\/wp\/v2\/tags?post=14987"}],"curies":[{"name":"wp","href":"https:\/\/api.w.org\/{rel}","templated":true}]}}