{"id":14978,"date":"2023-09-04T15:18:45","date_gmt":"2023-09-04T12:18:45","guid":{"rendered":"https:\/\/akdenizhaber.com.tr\/?p=14978"},"modified":"2023-09-04T15:18:45","modified_gmt":"2023-09-04T12:18:45","slug":"kultur-merkezinde-yeni-sezon-basliyor","status":"publish","type":"post","link":"https:\/\/akdenizhaber.com.tr\/index.php\/2023\/09\/04\/kultur-merkezinde-yeni-sezon-basliyor\/","title":{"rendered":"K\u00fclt\u00fcr Merkezi\u2019nde yeni sezon ba\u015fl\u0131yor"},"content":{"rendered":"\n<p><\/p>\n\n\n\n<p>Antalya\u2019da Muratpa\u015fa Belediyesi\u2019nin T\u00fcrkan \u015eoray K\u00fclt\u00fcr Merkezi\u2019nde yeni sezon ba\u015fl\u0131yor. K\u00fclt\u00fcr merkezi, eyl\u00fcl ay\u0131nda 2 konser, 3 stand-up g\u00f6sterisi ve tiyatro, 1 s\u00f6yle\u015fi ve 12\u2019nci Uluslararas\u0131 Antalya Gitar Festivali\u2019ne ev sahipli\u011fi yapacak.<\/p>\n\n\n\n<p>Antalya\u2019n\u0131n k\u00fclt\u00fcr ve sanat hayat\u0131na farkl\u0131 ve yeni bir soluk kazand\u0131ran T\u00fcrkan \u015eoray K\u00fclt\u00fcr Merkezi\u2019nde yeni sezon 9 Eyl\u00fcl Cumartesi piyanist, \u015fef ve besteci Murat \u00d6m\u00fcr Tuncer\u2019in \u2018Universe Project\u2019 konseriyle ba\u015flayacak. Projenin lansman konserinde Yasemin Mori, Onur \u00d6zdemir ve AGA-B solist olarak yer alacak. Kreatif direkt\u00f6rl\u00fc\u011f\u00fcn\u00fc Cansu K\u00f6ksal ve video y\u00f6netimini Milimaudio\u2019nun yapt\u0131\u011f\u0131 Universe Project, saat 20.00\u2019de ba\u015flayacak.<br><br>T\u00fcrkan \u015eoray\u2019da sezon 12 Eyl\u00fcl Sal\u0131, Vladimir Shulgin ve Medine Tugaseva konseriyle davam edecek. 14 Eyl\u00fcl Per\u015fembe ak\u015fam\u0131 sahnede ise stand-up g\u00f6sterisiyle Sergey Orlov olacak. 15 Eyl\u00fcl Cuma da sahnede kahkaha devam edecek ve stand-up g\u00f6steriyle Seda Y\u00fcz, Antalyal\u0131larla bulu\u015facak.<br><br>Yeni sezonun ilk tiyatro g\u00f6sterisi ise 2022\u2019de Yap\u0131 Kredi Afife Tiyatro \u00d6d\u00fclleri\u2019nde P\u0131nar G\u00fcnt\u00fcrk\u00fcn\u2019e \u2018En Ba\u015far\u0131l\u0131 Kad\u0131n Oyuncusu\u2019 \u00f6d\u00fcl\u00fcn\u00fc getiren \u2018Herkes Kocama Benziyor\u2019 olacak. Oyun, 16 Eyl\u00fcl Cumartesi sahnelenecek. 19 Eyl\u00fcl\u2019de Ferit Aktu\u011f, Giray Mert \u00d6zdeno\u011flu ve Sarp Bozkurt\u2019un oyuncu kadrosunda yer ald\u0131\u011f\u0131 \u2018M\u00fcnasebetsiz\u2019 sahnede olacak. 28 Eyl\u00fcl\u2019de ise Erkan Karadeniz ve Tu\u011f\u00e7e Karabay\u0131r\u2019\u0131n oynad\u0131\u011f\u0131 \u2018Ruh \u00d6k\u00fcz\u00fcm\u2019 isimli tiyatro, 29 Eyl\u00fcl\u2019de ise stand-up g\u00f6sterisiyle Kemal Ay\u00e7a, T\u00fcrkan \u015eoray K\u00fclt\u00fcr Merkezi sahnesine misafir olacak. Etkinlik biletleri T\u00fcrkan \u015eoray K\u00fclt\u00fcr Merkezi gi\u015felerinden sat\u0131n al\u0131nabilcek.<br><br>K\u00fclt\u00fcr Merkezi, bu y\u0131l 21-23 Eyl\u00fcl tarihlerinde d\u00fczenlenecek 12\u2019nci Uluslararas\u0131 Antalya Gitar Festivali\u2019ne de ev sahipli\u011fi yapacak. Muratpa\u015fa Belediyesi ve ODT\u00dc Antalya Mezunlar Derne\u011fi\u2019nce d\u00fczenlenen festival \u00fccretsiz olarak takip edilebilecek. Antalya\u2019n\u0131n \u015earampol semtinden Berlin Kreuzberg\u2019e uzanan b\u00fcy\u00fcme hikayesin anlatt\u0131\u011f\u0131 \u2018Buras\u0131 \u015earampol Radyo\u2019 isimli kitab\u0131yla tan\u0131nan \u015e\u00fckran Yi\u011fit de \u2018Okur Yazar Antalya\u2019 etkinli\u011fi kapsam\u0131nda eyl\u00fclde T\u00fcrkan \u015eoray\u2019da olacak. \u00dccretsiz olarak ger\u00e7ekle\u015ftirilecek s\u00f6yle\u015fi, 26 Eyl\u00fcl Sal\u0131 saat 13.30\u2019da ger\u00e7ekle\u015fecek.<\/p>\n\n\n\n<p>Muratpa\u015fa Belediyesi \/ B\u00fclten<\/p>\n","protected":false},"excerpt":{"rendered":"<p>Antalya\u2019da Muratpa\u015fa Belediyesi\u2019nin T\u00fcrkan \u015eoray K\u00fclt\u00fcr Merkezi\u2019nde yeni sezon ba\u015fl\u0131yor. K\u00fclt\u00fcr merkezi, eyl\u00fcl ay\u0131nda 2 konser, 3 stand-up g\u00f6sterisi ve tiyatro, 1 s\u00f6yle\u015fi ve 12\u2019nci <a href=\"https:\/\/akdenizhaber.com.tr\/index.php\/2023\/09\/04\/kultur-merkezinde-yeni-sezon-basliyor\/\" class=\"read-more-link\">[more&#8230;]<\/a><\/p>\n","protected":false},"author":1,"featured_media":14979,"comment_status":"open","ping_status":"open","sticky":false,"template":"","format":"standard","meta":{"footnotes":""},"categories":[2],"tags":[],"class_list":["post-14978","post","type-post","status-publish","format-standard","has-post-thumbnail","hentry","category-gundem"],"_links":{"self":[{"href":"https:\/\/akdenizhaber.com.tr\/index.php\/wp-json\/wp\/v2\/posts\/14978","targetHints":{"allow":["GET"]}}],"collection":[{"href":"https:\/\/akdenizhaber.com.tr\/index.php\/wp-json\/wp\/v2\/posts"}],"about":[{"href":"https:\/\/akdenizhaber.com.tr\/index.php\/wp-json\/wp\/v2\/types\/post"}],"author":[{"embeddable":true,"href":"https:\/\/akdenizhaber.com.tr\/index.php\/wp-json\/wp\/v2\/users\/1"}],"replies":[{"embeddable":true,"href":"https:\/\/akdenizhaber.com.tr\/index.php\/wp-json\/wp\/v2\/comments?post=14978"}],"version-history":[{"count":0,"href":"https:\/\/akdenizhaber.com.tr\/index.php\/wp-json\/wp\/v2\/posts\/14978\/revisions"}],"wp:featuredmedia":[{"embeddable":true,"href":"https:\/\/akdenizhaber.com.tr\/index.php\/wp-json\/"}],"wp:attachment":[{"href":"https:\/\/akdenizhaber.com.tr\/index.php\/wp-json\/wp\/v2\/media?parent=14978"}],"wp:term":[{"taxonomy":"category","embeddable":true,"href":"https:\/\/akdenizhaber.com.tr\/index.php\/wp-json\/wp\/v2\/categories?post=14978"},{"taxonomy":"post_tag","embeddable":true,"href":"https:\/\/akdenizhaber.com.tr\/index.php\/wp-json\/wp\/v2\/tags?post=14978"}],"curies":[{"name":"wp","href":"https:\/\/api.w.org\/{rel}","templated":true}]}}