{"id":14962,"date":"2023-09-02T11:45:20","date_gmt":"2023-09-02T08:45:20","guid":{"rendered":"https:\/\/akdenizhaber.com.tr\/?p=14962"},"modified":"2023-09-02T11:45:20","modified_gmt":"2023-09-02T08:45:20","slug":"mhpli-abdurrahman-baskan-imanimiz-ve-inancimiz-her-zaman-tam","status":"publish","type":"post","link":"https:\/\/akdenizhaber.com.tr\/index.php\/2023\/09\/02\/mhpli-abdurrahman-baskan-imanimiz-ve-inancimiz-her-zaman-tam\/","title":{"rendered":"MHP\u2019li Abdurrahman Ba\u015fkan; \u201c\u0130man\u0131m\u0131z ve \u0130nanc\u0131m\u0131z Her Zaman Tam\u201d"},"content":{"rendered":"\n<p><\/p>\n\n\n\n<p>Milliyet\u00e7i Hareket Partisi (MHP) Antalya Milletvekili Abdurrahman Ba\u015fkan, Genel se\u00e7imler kadar yerel se\u00e7imlerin de T\u00fcrkiye i\u00e7in \u00e7ok b\u00fcy\u00fck \u00f6nem arz etti\u011fini bildirerek \u201cBunun i\u00e7in kongrelerimizi birlik ve beraberlik i\u00e7in de ger\u00e7ekle\u015ftirip, lider \u00fclke T\u00fcrkiye hedefine do\u011fru emin ad\u0131mlarla 2024 se\u00e7imlerine haz\u0131rlanaca\u011f\u0131z\u201d dedi.<\/p>\n\n\n\n<p>MHP\u2019li Abdurrahman Ba\u015fkan, 14 ve 28 May\u0131s se\u00e7imlerinde gizli g\u00fcndemler pe\u015finde ko\u015fanlar\u0131n maskeleri ve kirli pazarl\u0131klar\u0131n\u0131n se\u00e7imlerden hemen sonra d\u00fc\u015ft\u00fc\u011f\u00fcn\u00fc ve ortaya sa\u00e7\u0131ld\u0131\u011f\u0131na dikkat \u00e7ekti.<\/p>\n\n\n\n<p>ANTALYA\u2019DA KONGRELERE START VER\u0130LD\u0130<\/p>\n\n\n\n<p>Antalya\u2019n\u0131n Aksu ve D\u00f6\u015femealt\u0131 \u0130l\u00e7e Ba\u015fkanl\u0131klar\u0131 kongreleri yap\u0131ld\u0131. Kongrelerde Divan Ba\u015fkanl\u0131\u011f\u0131n\u0131 Antalya Milletvekili Abdurrahman Ba\u015fkan yaparken MYK \u00fcyeleri H\u00fcseyin Y\u0131ld\u0131z, Mustafa Aksoy ve \u0130l Sekreteri \u00dcnal Bilge divan\u0131 olu\u015fturdu<\/p>\n\n\n\n<p>Kongrelere MHP Antalya Milletvekili Hilmi Durgun, \u0130l Ba\u015fkan\u0131 Onur Temel, MYK \u00dcyeleri, \u0130l y\u00f6neticileri ve il\u00e7e te\u015fkilatlar\u0131 kat\u0131l\u0131rken Milliyet\u00e7i Hareket Partisi\u2019ne g\u00f6n\u00fcl verenler de b\u00fcy\u00fck ilgi g\u00f6sterdi.<\/p>\n\n\n\n<p>Kongrelerde yap\u0131lan se\u00e7imlerde MHP Aksu \u0130l\u00e7e Ba\u015fkan\u0131 Hasan Efe \u00dcst\u00fcn ve MHP D\u00f6\u015femealt\u0131 \u0130l\u00e7e Ba\u015fkan\u0131 Kadir G\u00fcrcan yeniden se\u00e7ildiler.<\/p>\n\n\n\n<p>Kongrelerde konu\u015fan MHP Antalya Milletvekili Abdurrahman Ba\u015fkan, 14. B\u00fcy\u00fck Kurultay\u0131m\u0131za giden s\u00fcre\u00e7te, Antalya il\u00e7elerinde de ba\u015flayan kongre s\u00fcre\u00e7lerinin hay\u0131rlara vesile olmas\u0131n\u0131 temenni etti.<\/p>\n\n\n\n<p>\u201c\u00c7OK \u00d6NEML\u0130 B\u0130R SE\u00c7\u0130M GER\u0130DE KALDI\u201d<\/p>\n\n\n\n<p>\u201cS\u00f6zlerimin ba\u015f\u0131nda; partimizin bug\u00fcnlere gelmesinde gelecek nesillere b\u0131rak\u0131lacak en b\u00fcy\u00fck miras\u0131n onurlu bir ge\u00e7mi\u015f ve \u015ferefli bir gelecek oldu\u011funun g\u00f6sterilmesinde katk\u0131s\u0131 olan, \u00dclk\u00fcc\u00fc- Milliyet\u00e7i Hareketin her bir mensubuna, sizlerin huzurunda te\u015fekk\u00fcrlerimi sunuyorum.<\/p>\n\n\n\n<p>14 May\u0131s ve 28 May\u0131s tarihlerinde, T\u00fcrk asr\u0131n\u0131n hemen arifesinde, T\u00fcrk devletinin ve milletinin gelece\u011fi i\u00e7in hayati \u00f6nem ta\u015f\u0131yan \u00e7ok \u00f6nemli bir se\u00e7imi geride b\u0131rakt\u0131k.<\/p>\n\n\n\n<p>Bu s\u00fcre\u00e7te te\u015fkilatlar\u0131m\u0131z\u0131n her bir mensubunun, T\u00fcrk Milliyet\u00e7ili\u011finin yeg\u00e2ne ve tak kalesi olan \u00dclk\u00fcc\u00fc Harekete g\u00f6n\u00fcl vermi\u015f her bir g\u00f6n\u00fcl erinin, samimiyet, sadakat ve inan\u00e7 ile \u00e7al\u0131\u015ft\u0131klar\u0131na \u015fahitlik ettik.<\/p>\n\n\n\n<p>\u201c\u0130MANIMIZ VE \u0130NANCIMIZ HER ZAMAN TAM\u201d<\/p>\n\n\n\n<p>&nbsp;\u2018Bizler, bu davada her t\u00fcrl\u00fc zorlu\u011fa; her bedeli \u00f6demeye d\u00fcn oldu gibi bug\u00fcn de haz\u0131r\u0131z. \u00c7\u00fcnk\u00fc davam\u0131z, T\u00fcrk milletinin ezel\u00ee ve ebed\u00ee davas\u0131d\u0131r&#8230;\u2019<\/p>\n\n\n\n<p>Bug\u00fcn insanl\u0131\u011fa umut olan \u00fclk\u00fclere sahip y\u00fcrekler bu kutlu \u00e7at\u0131n\u0131n alt\u0131nda atmaktad\u0131r. \u00c7a\u011f kapat\u0131p, \u00e7a\u011f a\u00e7an neslin torunlar\u0131 bu g\u00fcn bu \u00e7at\u0131n\u0131n alt\u0131nda ya\u015fam bulmaktad\u0131r. Bu y\u00fczdendir ki; \u00fclk\u00fclerimizin ger\u00e7ekle\u015fece\u011fine olan iman\u0131m\u0131z ve inanc\u0131m\u0131z her zaman tamd\u0131r.<\/p>\n\n\n\n<p>14 ve 28 May\u0131s se\u00e7imleri bizlere g\u00f6sterdi ki gizli g\u00fcndemler pe\u015finde ko\u015fanlar\u0131n maskeleri ve kirli pazarl\u0131klar\u0131 se\u00e7imlerden hemen sonra d\u00fc\u015ft\u00fc ve ortaya sa\u00e7\u0131ld\u0131.<\/p>\n\n\n\n<p>Yak\u0131n tarihimizin en \u00f6nemli d\u00f6n\u00fcm noktalar\u0131ndan birisi olan bu se\u00e7imler T\u00fcrk milletinin dayatmalara boyun e\u011fmeyece\u011fini t\u00fcm d\u00fcnyaya g\u00f6stermi\u015f ve kendisine istikamet \u00e7izmeye \u00e7al\u0131\u015fanlara \u00e7ift ba\u015fl\u0131 kartaldan ilham alan Anadolu ferasetine sahip T\u00fcrk Milleti t\u00fcm d\u00fcnyaya gereken cevab\u0131 en demokratik \u015fekilde tokat gibi vermi\u015ftir.<\/p>\n\n\n\n<p>Se\u00e7imlerin hemen akabinde Milliyet\u00e7i Hareket Partisi\u2019nin her mensubu g\u00f6n\u00fcl alarak, g\u00f6n\u00fcl yaparak, g\u00f6n\u00fclleri kazanarak 2024 y\u0131l\u0131n mart ay\u0131nda yap\u0131lacak olan yerel se\u00e7imler i\u00e7in yoluna devam etmektedir.<\/p>\n\n\n\n<p>Genel Ba\u015fkan\u0131m\u0131z Say\u0131n Devlet Bah\u00e7eli Beyefendinin de her zaman ifade etti\u011fi gibi Milliyet\u00e7i Hareket Partisi T\u00fcrkiye\u2019nin son siperidir.<\/p>\n\n\n\n<p>Bunun i\u00e7in de genel se\u00e7im kadar yerel se\u00e7imler de \u00fclkemiz i\u00e7in \u00e7ok b\u00fcy\u00fck \u00f6nem arz etmektedir.<\/p>\n\n\n\n<p>\u00c7\u00fcnk\u00fc Milliyet\u00e7i Hareket Partisi istiklalimizin son m\u00fcdafaa hatt\u0131d\u0131r.<\/p>\n\n\n\n<p>\u201cBU TOPRAKLARDA K\u00d6K DE B\u0130Z\u0130M G\u00d6K DE B\u0130Z\u0130Z\u201d<\/p>\n\n\n\n<p>Yar\u0131m asr\u0131 a\u015farak T\u00fcrk siyasi tarihinin adeta anahtar\u0131 olan Milliyet\u00e7i Hareket Partimizin Genel Ba\u015fkan\u0131m\u0131z Say\u0131n Devlet Bah\u00e7eli Beyefendi\u2019nin liderli\u011finde T\u00fcrk milletine kar\u015f\u0131 sorumlulu\u011funu yerine getirmeye devam edece\u011finden hi\u00e7 kimsenin \u015f\u00fcphesi olmas\u0131n.<\/p>\n\n\n\n<p>Ve unutulmas\u0131n ki bu topraklarda k\u00f6k de biziz, g\u00f6k de biziz. \u00c7\u00fcnk\u00fc bu da\u011f\u0131n tozu da topra\u011f\u0131 da bizimdir; bu ba\u011f\u0131n dal\u0131 da yapra\u011f\u0131 da bizimdir.<\/p>\n\n\n\n<p>Genel Ba\u015fkan\u0131m\u0131z Say\u0131n Devlet Bah\u00e7eli\u2019nin ifade ettikleri gibi; \u2018Hedefimiz; Cumhur \u0130ttifak\u0131\u2019n\u0131n do\u011fas\u0131na ve ruhuna muvaf\u0131k hareket edip muhalefet partilerinin y\u00f6netimindeki belediyelerin y\u00fcrek yaralayan mak\u00fbs ve meyus hallerine son vermektir.\u2019 \u0130stikrar ve hizmet i\u00e7in, uyumlu y\u00f6netimle, umutlu gelece\u011fe\u201d ula\u015fmakt\u0131r.<\/p>\n\n\n\n<p>HEDEF L\u0130DER \u00dcLKE T\u00dcRK\u0130YE<\/p>\n\n\n\n<p>Bunun i\u00e7in kongrelerimizi birlik ve beraberlik i\u00e7in de ger\u00e7ekle\u015ftirip, lider \u00fclke T\u00fcrkiye hedefine do\u011fru emin ad\u0131mlarla 2024 se\u00e7imlerine haz\u0131rlanaca\u011f\u0131z. Merkezi y\u00f6netimle yerel y\u00f6netimler aras\u0131nda tam bir uyumun sa\u011flanmas\u0131 i\u00e7in elimizden gelen her \u00e7abay\u0131 hep birlikte g\u00f6sterece\u011fiz.<\/p>\n\n\n\n<p>\u20182024\u2019e Do\u011fru, Diyar Diyar Anadolu\u2019 temas\u0131yla \u00e7al\u0131\u015fmalar\u0131m\u0131za h\u0131z kesmeden devam edece\u011fimizi ifade ediyor; bu duygu ve d\u00fc\u015f\u00fcncelerle bir kez daha kongremizin hay\u0131rlara vesile olmas\u0131n\u0131 temenni\u00a0ediyorum.\u201d<\/p>\n\n\n\n<p>Milliyet\u00e7i Hareket Partisi \/ B\u00fclten<\/p>\n","protected":false},"excerpt":{"rendered":"<p>Milliyet\u00e7i Hareket Partisi (MHP) Antalya Milletvekili Abdurrahman Ba\u015fkan, Genel se\u00e7imler kadar yerel se\u00e7imlerin de T\u00fcrkiye i\u00e7in \u00e7ok b\u00fcy\u00fck \u00f6nem arz etti\u011fini bildirerek \u201cBunun i\u00e7in kongrelerimizi <a href=\"https:\/\/akdenizhaber.com.tr\/index.php\/2023\/09\/02\/mhpli-abdurrahman-baskan-imanimiz-ve-inancimiz-her-zaman-tam\/\" class=\"read-more-link\">[more&#8230;]<\/a><\/p>\n","protected":false},"author":1,"featured_media":14963,"comment_status":"open","ping_status":"open","sticky":false,"template":"","format":"standard","meta":{"footnotes":""},"categories":[2],"tags":[],"class_list":["post-14962","post","type-post","status-publish","format-standard","has-post-thumbnail","hentry","category-gundem"],"_links":{"self":[{"href":"https:\/\/akdenizhaber.com.tr\/index.php\/wp-json\/wp\/v2\/posts\/14962","targetHints":{"allow":["GET"]}}],"collection":[{"href":"https:\/\/akdenizhaber.com.tr\/index.php\/wp-json\/wp\/v2\/posts"}],"about":[{"href":"https:\/\/akdenizhaber.com.tr\/index.php\/wp-json\/wp\/v2\/types\/post"}],"author":[{"embeddable":true,"href":"https:\/\/akdenizhaber.com.tr\/index.php\/wp-json\/wp\/v2\/users\/1"}],"replies":[{"embeddable":true,"href":"https:\/\/akdenizhaber.com.tr\/index.php\/wp-json\/wp\/v2\/comments?post=14962"}],"version-history":[{"count":0,"href":"https:\/\/akdenizhaber.com.tr\/index.php\/wp-json\/wp\/v2\/posts\/14962\/revisions"}],"wp:featuredmedia":[{"embeddable":true,"href":"https:\/\/akdenizhaber.com.tr\/index.php\/wp-json\/"}],"wp:attachment":[{"href":"https:\/\/akdenizhaber.com.tr\/index.php\/wp-json\/wp\/v2\/media?parent=14962"}],"wp:term":[{"taxonomy":"category","embeddable":true,"href":"https:\/\/akdenizhaber.com.tr\/index.php\/wp-json\/wp\/v2\/categories?post=14962"},{"taxonomy":"post_tag","embeddable":true,"href":"https:\/\/akdenizhaber.com.tr\/index.php\/wp-json\/wp\/v2\/tags?post=14962"}],"curies":[{"name":"wp","href":"https:\/\/api.w.org\/{rel}","templated":true}]}}