{"id":14944,"date":"2023-09-02T11:40:34","date_gmt":"2023-09-02T08:40:34","guid":{"rendered":"https:\/\/akdenizhaber.com.tr\/?p=14944"},"modified":"2023-09-02T11:40:34","modified_gmt":"2023-09-02T08:40:34","slug":"pil-fabrikasina-erbakan-kutuphanesi","status":"publish","type":"post","link":"https:\/\/akdenizhaber.com.tr\/index.php\/2023\/09\/02\/pil-fabrikasina-erbakan-kutuphanesi\/","title":{"rendered":"Pil Fabrikas\u0131na Erbakan K\u00fct\u00fcphanesi"},"content":{"rendered":"\n<p><\/p>\n\n\n\n<p>Kepez Belediyesi\u2019nin Eyl\u00fcl ay\u0131 meclisinde al\u0131nan kararla Eski Pil Fabrikas\u0131n\u0131n Sosyal Tesis binas\u0131na kurulmakta olan k\u00fct\u00fcphaneye fabrikan\u0131n kurulu\u015fundaki b\u00fcy\u00fck emeklerine h\u00fcrmeten Necmettin Erbakan, Alt\u0131nova\u2019daki K\u00fct\u00fcphaneye usta yazar Yahya Kemal, \u00d6zg\u00fcrl\u00fck\u2019teki k\u00fct\u00fcphaneye T\u00fcrk rock m\u00fczi\u011finin efsane ismi Erkin Koray, Y\u00fckseli\u015f\u2019teki K\u00fct\u00fcphaneye \u015eair ve yazar Cahit Zarifo\u011flu\u2019nun ad\u0131 verildi.<\/p>\n\n\n\n<p>Kepez Belediye meclisinin Eyl\u00fcl ay\u0131 ola\u011fan toplant\u0131s\u0131nda 15\u2019i yaz\u0131l\u0131, 3 \u00f6nerge olmak \u00fczere 18 g\u00fcndem maddesi g\u00f6r\u00fc\u015f\u00fcld\u00fc. Kepez Belediye Ba\u015fkan\u0131 Hakan T\u00fct\u00fcnc\u00fc, ba\u015fkanl\u0131\u011f\u0131nda belediye binas\u0131ndaki meclis salonundaki toplant\u0131, sayg\u0131 duru\u015fu ve \u0130stiklal Mar\u015f\u0131\u2019n\u0131n okunmas\u0131yla ba\u015flad\u0131. Eski Pil Fabrikas\u0131n\u0131n Sosyal Tesis binas\u0131nda kurulmakta olan k\u00fct\u00fcphaneye fabrikan\u0131n kurulu\u015fundaki b\u00fcy\u00fck emeklerine h\u00fcrmeten \u2018Necmettin Erbakan K\u00fct\u00fcphanesi\u2019 ad\u0131n\u0131n verilmesi, &nbsp;fabrikan\u0131n y\u00f6netici lojman\u0131 binas\u0131nda; 1974 K\u0131br\u0131s Bar\u0131\u015f Harekat\u0131n\u0131n hat\u0131ralar\u0131n\u0131n sergilenece\u011fi An\u0131 Evine de K.K.T.C Antalya An\u0131 Evi isminin verilmesi g\u00fcndeme ta\u015f\u0131nd\u0131.&nbsp; G\u00fcndem maddeleriyle ilgili bir a\u00e7\u0131klama yapan Ba\u015fkan T\u00fct\u00fcnc\u00fc, \u201cEski pil Fabrikas\u0131n\u0131 t\u0131pk\u0131 Dokuma gibi bir k\u00fclt\u00fcr sanat ve spor tesisi gibi \u00f6z\u00fcnden koparmadan, tarihi hat\u0131ralar\u0131ndan ay\u0131rmadan buray\u0131 k\u00fclt\u00fcr sanat adas\u0131na, kent parka, bir millet bah\u00e7esine d\u00f6n\u00fc\u015ft\u00fcrmeyi hedefliyoruz. \u201c dedi.<\/p>\n\n\n\n<p>P\u0130L FABR\u0130KASINA ERBAKAN K\u00dcT\u00dcPHANES\u0130<\/p>\n\n\n\n<p>Kepez Belediye Ba\u015fkan\u0131 Hakan T\u00fct\u00fcnc\u00fc, Eski Pil Fabrikas\u0131nda ilk \u00e7al\u0131\u015fman\u0131n sosyal tesisin k\u00fct\u00fcphaneye d\u00f6n\u00fc\u015ft\u00fcr\u00fclmesi ve ikinci \u00e7al\u0131\u015fman\u0131n da Y\u00f6netici lojman\u0131 binas\u0131n\u0131n 1974 K\u0131br\u0131s Bar\u0131\u015f Harekat\u0131n\u0131n hat\u0131ralar\u0131n\u0131n sergilenece\u011fi \u2018An\u0131 Evi\u2019 oldu\u011funu bildirdi. Ba\u015fkan T\u00fct\u00fcnc\u00fc, Kuzey K\u0131br\u0131s T\u00fcrk Cumhuriyeti Antalya Ba\u015fkonsoloslu\u011fu ile ortakla\u015fa bir \u00e7al\u0131\u015fmayla buran\u0131n bir an\u0131 evine d\u00f6n\u00fc\u015ft\u00fcr\u00fclece\u011fini ve KKTC Antalya An\u0131 Evi ad\u0131n\u0131n verilece\u011fini belirtti. 1974 K\u0131br\u0131s Bar\u0131\u015f Harekat\u0131nda haberle\u015fmenin en \u00f6nemli arac\u0131 olan pil konusunda ya\u015fanan s\u0131k\u0131nt\u0131lar\u0131n \u00fczerine T\u00fcrkiye\u2019de bir fabrika kurulmas\u0131 karar\u0131 al\u0131nd\u0131\u011f\u0131n\u0131 ve 37. Cumhuriyet h\u00fck\u00fcmeti taraf\u0131ndan da bug\u00fcnk\u00fc fabrika alan\u0131n\u0131n se\u00e7ildi\u011fini de s\u00f6zlerine ekledi.&nbsp; 1975 y\u0131l\u0131nda kurulan pil fabrikas\u0131n\u0131 Dokuma gibi ayn\u0131 haliyle korumak suretiyle bir tak\u0131m projeleri hayata ge\u00e7irecekleri belirten Ba\u015fkan T\u00fct\u00fcnc\u00fc, \u201cFabrikan\u0131n b\u00fcy\u00fck binas\u0131na T\u00fcrk sanayi tarihini \u00f6zetleyen bir m\u00fcze kurmay\u0131 planl\u0131yoruz. \u00c7ocuklara y\u00f6nelik kre\u015f binas\u0131 yine \u00e7ocuklara y\u00f6nelik oyuncak k\u00fct\u00fcphanesi olacak. Spor salonu, futbol sahas\u0131, a\u00e7\u0131k hava sinemas\u0131 bunlar\u0131 da oldu\u011fu gibi kuruyoruz.&nbsp; Bug\u00fcn verdi\u011fi emeklere h\u00fcrmeten k\u00fct\u00fcphanede Necmettin Erbakan\u2019\u0131n ad\u0131n\u0131 ya\u015fataca\u011f\u0131z. K\u0131br\u0131s\u2019taki m\u00fccadeleyi anlatan An\u0131 Evi\u2019 \u00e7al\u0131\u015fmam\u0131z\u0131 da Pil Fabrikas\u0131nda ger\u00e7ekle\u015ftirece\u011fiz.&nbsp; Bu tesislerde 37. H\u00fck\u00fcmetin Ba\u015fbakan\u0131 B\u00fclent Ecevit\u2019in de ismini ya\u015fataca\u011f\u0131z, Maliye Bakan\u0131 Deniz Baykal, Sanayi ve Teknoloji Bakan\u0131 Abd\u00fcl Kerim Do\u011fru b\u00fcy\u00fc\u011f\u00fcm\u00fcz\u00fcn ismi de di\u011fer tesislerde ya\u015fat\u0131lacak. \u201c&nbsp; diye konu\u015ftu.<\/p>\n\n\n\n<p>KEPEZ\u2019DE VEFA \u00d6RNE\u011e\u0130<\/p>\n\n\n\n<p>Meclise \u00f6nerge ile ta\u015f\u0131nan Alt\u0131nova Orta Mahalledeki k\u00fct\u00fcphaneye Yahya Kemal K\u00fct\u00fcphanesi, \u00d6zg\u00fcrl\u00fck Mahallesindeki k\u00fct\u00fcphaneye T\u00fcrk rock m\u00fczi\u011finin efsane ismi Erkin Koray, Y\u00fckseli\u015f K\u00fct\u00fcphanesine \u015eair ve yazar Cahit Zarifo\u011flu\u2019nun ad\u0131n\u0131n verilmesi de oy birli\u011fiyle kabul edildi.<\/p>\n\n\n\n<p>Kepez Belediyesi \/ B\u00fclten<\/p>\n","protected":false},"excerpt":{"rendered":"<p>Kepez Belediyesi\u2019nin Eyl\u00fcl ay\u0131 meclisinde al\u0131nan kararla Eski Pil Fabrikas\u0131n\u0131n Sosyal Tesis binas\u0131na kurulmakta olan k\u00fct\u00fcphaneye fabrikan\u0131n kurulu\u015fundaki b\u00fcy\u00fck emeklerine h\u00fcrmeten Necmettin Erbakan, Alt\u0131nova\u2019daki K\u00fct\u00fcphaneye <a href=\"https:\/\/akdenizhaber.com.tr\/index.php\/2023\/09\/02\/pil-fabrikasina-erbakan-kutuphanesi\/\" class=\"read-more-link\">[more&#8230;]<\/a><\/p>\n","protected":false},"author":1,"featured_media":14945,"comment_status":"open","ping_status":"open","sticky":false,"template":"","format":"standard","meta":{"footnotes":""},"categories":[2],"tags":[],"class_list":["post-14944","post","type-post","status-publish","format-standard","has-post-thumbnail","hentry","category-gundem"],"_links":{"self":[{"href":"https:\/\/akdenizhaber.com.tr\/index.php\/wp-json\/wp\/v2\/posts\/14944","targetHints":{"allow":["GET"]}}],"collection":[{"href":"https:\/\/akdenizhaber.com.tr\/index.php\/wp-json\/wp\/v2\/posts"}],"about":[{"href":"https:\/\/akdenizhaber.com.tr\/index.php\/wp-json\/wp\/v2\/types\/post"}],"author":[{"embeddable":true,"href":"https:\/\/akdenizhaber.com.tr\/index.php\/wp-json\/wp\/v2\/users\/1"}],"replies":[{"embeddable":true,"href":"https:\/\/akdenizhaber.com.tr\/index.php\/wp-json\/wp\/v2\/comments?post=14944"}],"version-history":[{"count":0,"href":"https:\/\/akdenizhaber.com.tr\/index.php\/wp-json\/wp\/v2\/posts\/14944\/revisions"}],"wp:featuredmedia":[{"embeddable":true,"href":"https:\/\/akdenizhaber.com.tr\/index.php\/wp-json\/"}],"wp:attachment":[{"href":"https:\/\/akdenizhaber.com.tr\/index.php\/wp-json\/wp\/v2\/media?parent=14944"}],"wp:term":[{"taxonomy":"category","embeddable":true,"href":"https:\/\/akdenizhaber.com.tr\/index.php\/wp-json\/wp\/v2\/categories?post=14944"},{"taxonomy":"post_tag","embeddable":true,"href":"https:\/\/akdenizhaber.com.tr\/index.php\/wp-json\/wp\/v2\/tags?post=14944"}],"curies":[{"name":"wp","href":"https:\/\/api.w.org\/{rel}","templated":true}]}}