{"id":14941,"date":"2023-09-02T11:39:52","date_gmt":"2023-09-02T08:39:52","guid":{"rendered":"https:\/\/akdenizhaber.com.tr\/?p=14941"},"modified":"2023-09-02T11:39:52","modified_gmt":"2023-09-02T08:39:52","slug":"buyuksehirden-mevsimlik-tarim-iscilerine-destek","status":"publish","type":"post","link":"https:\/\/akdenizhaber.com.tr\/index.php\/2023\/09\/02\/buyuksehirden-mevsimlik-tarim-iscilerine-destek\/","title":{"rendered":"B\u00fcy\u00fck\u015fehir\u2019den mevsimlik tar\u0131m i\u015f\u00e7ilerine destek"},"content":{"rendered":"\n<p><\/p>\n\n\n\n<p>Antalya B\u00fcy\u00fck\u015fehir Belediyesi&#8217;nin y\u00fcr\u00fctt\u00fc\u011f\u00fc &#8220;Tar\u0131mda Mevsimlik \u0130\u015f\u00e7ilere Destek Projesi&#8221; kapsam\u0131nda, Serik il\u00e7esinde mevsimlik i\u015f\u00e7iler ve aileleri i\u00e7in daha sa\u011fl\u0131kl\u0131 ve hijyenik ko\u015fullarda konaklayabilecekleri yeni bir alan olu\u015fturuluyor.<\/p>\n\n\n\n<p>Yerelden kalk\u0131nma ilkesiyle tar\u0131ma her alanda destek veren Antalya B\u00fcy\u00fck\u015fehir Belediyesi \u015fimdi de mevsimlik tar\u0131m i\u015f\u00e7ilerinin ya\u015fam ko\u015fullar\u0131n\u0131<\/p>\n\n\n\n<p>iyile\u015ftirmek i\u00e7in bir \u00e7al\u0131\u015fma ba\u015flatt\u0131. Bat\u0131 Akdeniz Kalk\u0131nma Ajans\u0131&#8217;n\u0131n i\u015fbirli\u011fi kapsam\u0131nda desteklenen &#8220;Tar\u0131mda Mevsimlik \u0130\u015f\u00e7ilere Destek Projesi&#8221; ile Serik il\u00e7esinde mevsimlik i\u015f\u00e7i olarak \u00e7al\u0131\u015fanlara ve ailelerine yeni konaklama alanlar\u0131 sa\u011flanacak.<\/p>\n\n\n\n<p>20 KONTEYNERL\u0130K YA\u015eAM ALANI<\/p>\n\n\n\n<p>Yakla\u015f\u0131k 4.5 d\u00f6n\u00fcml\u00fck alanda kurulumuna ba\u015flanan alanda, 18 ya\u015fam konteyneri, 1 e\u011fitim konteyneri ve bir idari ofis konteyneri olmak \u00fczere 20 konteyner bulunacak. E\u011fitim konteynerinde \u00e7ocuklar\u0131n yan\u0131 s\u0131ra kad\u0131nlara sa\u011fl\u0131kla ilgili e\u011fitimler verilecek. Ayr\u0131ca mevsimlik tar\u0131m i\u015f\u00e7ilerinin sa\u011fl\u0131k taramalar\u0131 yap\u0131lacak.<\/p>\n\n\n\n<p>E\u011e\u0130T\u0130M VE OYUN ALANLARI<\/p>\n\n\n\n<p>Proje kapsam\u0131nda yatakhaneler, tuvalet ve banyo gibi temel ihtiya\u00e7lar\u0131n kar\u015f\u0131land\u0131\u011f\u0131 alanlar olu\u015fturuluyor. Temiz i\u00e7me suyu temini, \u00e7evre d\u00fczenlemeleri ve alt yap\u0131 d\u00fczenlemeleri de projenin par\u00e7as\u0131. Projeyle mevsimlik tar\u0131m i\u015f\u00e7ilerinin \u00e7ocuklar\u0131 i\u00e7in \u00f6zel oyun alanlar\u0131 da olu\u015fturulacak ve \u00e7e\u015fitli etkinlikler d\u00fczenlenecek. Ayr\u0131ca \u00e7ocuklara y\u00f6nelik e\u011fitim merkezi de yer alacak. Burada mevsimlik i\u015f\u00e7ilerin \u00e7ocuklar\u0131n\u0131n bili\u015fsel geli\u015fimini desteklemek amac\u0131yla \u00e7al\u0131\u015fmalar yap\u0131lacak. Sinevizyon g\u00f6sterileri, ya\u015f gruplar\u0131na uygun etkinlikler ve at\u00f6lyeler gibi etkinliklerle de \u00e7ocuklar\u0131n keyifli zaman ge\u00e7irmeleri sa\u011flanacak.<\/p>\n\n\n\n<p>Antalya B\u00fcy\u00fck\u015fehir Belediyesi \/ B\u00fclten<\/p>\n","protected":false},"excerpt":{"rendered":"<p>Antalya B\u00fcy\u00fck\u015fehir Belediyesi&#8217;nin y\u00fcr\u00fctt\u00fc\u011f\u00fc &#8220;Tar\u0131mda Mevsimlik \u0130\u015f\u00e7ilere Destek Projesi&#8221; kapsam\u0131nda, Serik il\u00e7esinde mevsimlik i\u015f\u00e7iler ve aileleri i\u00e7in daha sa\u011fl\u0131kl\u0131 ve hijyenik ko\u015fullarda konaklayabilecekleri yeni bir <a href=\"https:\/\/akdenizhaber.com.tr\/index.php\/2023\/09\/02\/buyuksehirden-mevsimlik-tarim-iscilerine-destek\/\" class=\"read-more-link\">[more&#8230;]<\/a><\/p>\n","protected":false},"author":1,"featured_media":14942,"comment_status":"open","ping_status":"open","sticky":false,"template":"","format":"standard","meta":{"footnotes":""},"categories":[2],"tags":[],"class_list":["post-14941","post","type-post","status-publish","format-standard","has-post-thumbnail","hentry","category-gundem"],"_links":{"self":[{"href":"https:\/\/akdenizhaber.com.tr\/index.php\/wp-json\/wp\/v2\/posts\/14941","targetHints":{"allow":["GET"]}}],"collection":[{"href":"https:\/\/akdenizhaber.com.tr\/index.php\/wp-json\/wp\/v2\/posts"}],"about":[{"href":"https:\/\/akdenizhaber.com.tr\/index.php\/wp-json\/wp\/v2\/types\/post"}],"author":[{"embeddable":true,"href":"https:\/\/akdenizhaber.com.tr\/index.php\/wp-json\/wp\/v2\/users\/1"}],"replies":[{"embeddable":true,"href":"https:\/\/akdenizhaber.com.tr\/index.php\/wp-json\/wp\/v2\/comments?post=14941"}],"version-history":[{"count":0,"href":"https:\/\/akdenizhaber.com.tr\/index.php\/wp-json\/wp\/v2\/posts\/14941\/revisions"}],"wp:featuredmedia":[{"embeddable":true,"href":"https:\/\/akdenizhaber.com.tr\/index.php\/wp-json\/"}],"wp:attachment":[{"href":"https:\/\/akdenizhaber.com.tr\/index.php\/wp-json\/wp\/v2\/media?parent=14941"}],"wp:term":[{"taxonomy":"category","embeddable":true,"href":"https:\/\/akdenizhaber.com.tr\/index.php\/wp-json\/wp\/v2\/categories?post=14941"},{"taxonomy":"post_tag","embeddable":true,"href":"https:\/\/akdenizhaber.com.tr\/index.php\/wp-json\/wp\/v2\/tags?post=14941"}],"curies":[{"name":"wp","href":"https:\/\/api.w.org\/{rel}","templated":true}]}}