{"id":14938,"date":"2023-09-02T11:39:14","date_gmt":"2023-09-02T08:39:14","guid":{"rendered":"https:\/\/akdenizhaber.com.tr\/?p=14938"},"modified":"2023-09-02T11:39:14","modified_gmt":"2023-09-02T08:39:14","slug":"varsak-yaylasi-pazarina-sicak-asfalt","status":"publish","type":"post","link":"https:\/\/akdenizhaber.com.tr\/index.php\/2023\/09\/02\/varsak-yaylasi-pazarina-sicak-asfalt\/","title":{"rendered":"Varsak Yaylas\u0131 Pazar\u0131\u2019na s\u0131cak asfalt"},"content":{"rendered":"\n<p><\/p>\n\n\n\n<p>Kepez Belediyesi, hizmette mesafe tan\u0131m\u0131yor. Varsak b\u00f6lgesinin, Korkuteli il\u00e7esinde yer alan yaylas\u0131n\u0131n pazar yeri ile merkez caminin yolunda s\u0131cak asfalt \u00e7al\u0131\u015fmas\u0131 yap\u0131ld\u0131.&nbsp; Yaylan\u0131n baz\u0131 ara sokaklar\u0131 sathi asfaltla kapland\u0131.<\/p>\n\n\n\n<p>Kepez Belediyesi, &nbsp;son 15 y\u0131lda yapt\u0131\u011f\u0131 kal\u0131c\u0131 yat\u0131r\u0131mlarla ve imar d\u00fczenlemeleriyle kasabadan modern bir \u015fehre d\u00f6n\u00fc\u015ft\u00fcrd\u00fc\u011f\u00fc Varsak b\u00f6lgesinin yaylas\u0131n\u0131 da hizmette ihmal etmiyor.<br>Varsak b\u00f6lgesindeki 11 mahalle sakinlerinin yaz d\u00f6neminde g\u00f6\u00e7 etti\u011fi yayla, &nbsp;Korkuteli- Tefenni yolu \u00fczerinde 1400 rak\u0131mda yer al\u0131yor.<br>Kepez Belediyesi, her g\u00f6\u00e7 sezonu \u00f6ncesinde \u015fehir merkezine yakla\u015f\u0131k 78 kilometre mesafedeki Varsak Mahallesi Yaylas\u0131\u2019n\u0131n yollar\u0131n\u0131n ve sosyal ya\u015fam alanlar\u0131n\u0131n bak\u0131m ve onar\u0131m\u0131n\u0131 yap\u0131yor.<br>Yaylaya otob\u00fcs seferi hizmeti veren Kepez Belediyesi, ge\u00e7ti\u011fimiz y\u0131l b\u00f6lgeye sosyal tesis binas\u0131 ve park kazand\u0131rm\u0131\u015ft\u0131.&nbsp; &nbsp;&nbsp;<br>Kepez Belediyesi, bu yaz d\u00f6neminde de yaylaya asfalt hizmeti g\u00f6t\u00fcrd\u00fc.<\/p>\n\n\n\n<p>Varsak Yaylas\u0131 Pazar\u0131\u2019na s\u0131cak asfalt<\/p>\n\n\n\n<p>Varsak Yaylas\u0131 sakinleri her zaman yanlar\u0131nda olan Kepez Belediye Ba\u015fkan\u0131 Hakan T\u00fct\u00fcnc\u00fc\u2019den, &nbsp;zeminin m\u0131c\u0131r olmas\u0131ndan dolay\u0131 toz s\u0131k\u0131nt\u0131s\u0131n\u0131n ya\u015fand\u0131\u011f\u0131 pazar yerinin asfaltlanmas\u0131n\u0131 talep etti.<br>Yaylan\u0131n merkez camiine ve pazar yerine ula\u015f\u0131m\u0131 sa\u011flayan yolun da asfaltlanmas\u0131 istendi.<br>Kepez Belediyesi Fen \u0130\u015fleri M\u00fcd\u00fcrl\u00fc\u011f\u00fc, yaylada ya\u015fayan vatanda\u015flar\u0131n taleplerini dikkate alarak, b\u00f6lgede asfalt \u00e7al\u0131\u015fmas\u0131 ba\u015flatt\u0131.<br>Fen \u0130\u015fleri M\u00fcd\u00fcrl\u00fc\u011f\u00fc ekipleri, merkez caminin yan\u0131nda cumartesi g\u00fcn\u00fc kurulan pazar alan\u0131n\u0131n zeminine i\u015f makinelerinin yard\u0131m\u0131yla \u00f6nce dolgu malzemesi, daha sonra 259 ton s\u0131cak asfalt serdi. Pazar alan\u0131n\u0131n asfaltlanmas\u0131yla, esnaf ve vatanda\u015flara sa\u011fl\u0131kl\u0131, kaliteli bir ortamda al\u0131\u015fveri\u015f yapabilme imk\u00e2n\u0131 sunuldu.<\/p>\n\n\n\n<p>Cami yoluna asfalt konforu<\/p>\n\n\n\n<p>Fen \u0130\u015fleri M\u00fcd\u00fcrl\u00fc\u011f\u00fc, yaylan\u0131n merkez camisi ile pazar yerine ula\u015f\u0131m\u0131 sa\u011flayan yolu da s\u0131cak asfalt konforuna kavu\u015fturdu. Mevcut asfalt\u0131 eskiyen ve bozulan yol, serilen 296 ton s\u0131cak asfaltla kaliteli hale getirildi.<br>Kepez Belediyesi, pazar yeri ve cami yolunda 3 bin 200 metrekarelik alanda toplam 552 ton s\u0131cak asfalt \u00e7al\u0131\u015fmas\u0131 yapt\u0131.<\/p>\n\n\n\n<p>Fen \u0130\u015fleri M\u00fcd\u00fcrl\u00fc\u011f\u00fc, Varsak Yaylas\u0131\u2019n\u0131n ara yollar\u0131na da sathi asfalt hizmeti g\u00f6t\u00fcrd\u00fc. Yaylada 12 bin 650 m2 sathi asfalt \u00e7al\u0131\u015fmas\u0131 ger\u00e7ekle\u015ftirdi.<\/p>\n\n\n\n<p>Varsak Yaylas\u0131 T\u00fct\u00fcnc\u00fc\u2019den memnun<\/p>\n\n\n\n<p>Asfalt hizmetinden duyduklar\u0131 memnuniyeti dile getiren Varsak Yaylas\u0131 sakinleri, \u201cHakan Ba\u015fkan, Varsak b\u00f6lgesindeki mahallelerimize d\u00f6rt d\u00f6rtl\u00fck hizmet yapt\u0131. Yaylam\u0131z\u0131 da hizmetsiz b\u0131rakm\u0131yor. Talep etti\u011fimiz hizmetleri bir bir yap\u0131yor. Hakan Ba\u015fkan\u0131m\u0131zdan ve ekibinden Allah raz\u0131 olsun.\u201d ifadesini kulland\u0131.<\/p>\n\n\n\n<p>Hizmet devam edecek<\/p>\n\n\n\n<p>Ba\u015fkan Hakan T\u00fct\u00fcnc\u00fc de, kadim bir yerle\u015fim yeri olan Varsak Yaylas\u0131\u2019n\u0131n ve sakinlerinin kendileri i\u00e7in \u00e7ok k\u0131ymetli oldu\u011funu s\u00f6yledi. Belediyecilik hizmetleriyle yayladaki sosyal ya\u015fam\u0131 daha keyifli hale getirmeye gayret ettiklerini belirten Ba\u015fkan T\u00fct\u00fcnc\u00fc, \u201cM\u00fccavir alan\u0131 d\u0131\u015f\u0131m\u0131zda olsa da Varsak Yaylam\u0131z\u0131 bir mahallemiz gibi g\u00f6rd\u00fck ve bu anlay\u0131\u015fla b\u00f6lgeye hizmet getirdik.&nbsp; Camilerin bak\u0131m ve onar\u0131mdan park yap\u0131m\u0131na, oturma mobilyalar\u0131ndan \u00e7\u00f6p konteyn\u0131rlar\u0131na, sosyal tesisten asfalta var\u0131ncaya kadar yaylaya hizmet getirdik. Bundan sonra da yayla sakinlerimizin hizmet taleplerini kar\u015f\u0131lamaya devam edece\u011fiz.\u201d a\u00e7\u0131klamas\u0131n\u0131 yapt\u0131.<\/p>\n\n\n\n<p>Kepez Belediyesi \/ B\u00fclten<\/p>\n","protected":false},"excerpt":{"rendered":"<p>Kepez Belediyesi, hizmette mesafe tan\u0131m\u0131yor. Varsak b\u00f6lgesinin, Korkuteli il\u00e7esinde yer alan yaylas\u0131n\u0131n pazar yeri ile merkez caminin yolunda s\u0131cak asfalt \u00e7al\u0131\u015fmas\u0131 yap\u0131ld\u0131.&nbsp; Yaylan\u0131n baz\u0131 ara <a href=\"https:\/\/akdenizhaber.com.tr\/index.php\/2023\/09\/02\/varsak-yaylasi-pazarina-sicak-asfalt\/\" class=\"read-more-link\">[more&#8230;]<\/a><\/p>\n","protected":false},"author":1,"featured_media":14939,"comment_status":"open","ping_status":"open","sticky":false,"template":"","format":"standard","meta":{"footnotes":""},"categories":[2],"tags":[],"class_list":["post-14938","post","type-post","status-publish","format-standard","has-post-thumbnail","hentry","category-gundem"],"_links":{"self":[{"href":"https:\/\/akdenizhaber.com.tr\/index.php\/wp-json\/wp\/v2\/posts\/14938","targetHints":{"allow":["GET"]}}],"collection":[{"href":"https:\/\/akdenizhaber.com.tr\/index.php\/wp-json\/wp\/v2\/posts"}],"about":[{"href":"https:\/\/akdenizhaber.com.tr\/index.php\/wp-json\/wp\/v2\/types\/post"}],"author":[{"embeddable":true,"href":"https:\/\/akdenizhaber.com.tr\/index.php\/wp-json\/wp\/v2\/users\/1"}],"replies":[{"embeddable":true,"href":"https:\/\/akdenizhaber.com.tr\/index.php\/wp-json\/wp\/v2\/comments?post=14938"}],"version-history":[{"count":0,"href":"https:\/\/akdenizhaber.com.tr\/index.php\/wp-json\/wp\/v2\/posts\/14938\/revisions"}],"wp:featuredmedia":[{"embeddable":true,"href":"https:\/\/akdenizhaber.com.tr\/index.php\/wp-json\/"}],"wp:attachment":[{"href":"https:\/\/akdenizhaber.com.tr\/index.php\/wp-json\/wp\/v2\/media?parent=14938"}],"wp:term":[{"taxonomy":"category","embeddable":true,"href":"https:\/\/akdenizhaber.com.tr\/index.php\/wp-json\/wp\/v2\/categories?post=14938"},{"taxonomy":"post_tag","embeddable":true,"href":"https:\/\/akdenizhaber.com.tr\/index.php\/wp-json\/wp\/v2\/tags?post=14938"}],"curies":[{"name":"wp","href":"https:\/\/api.w.org\/{rel}","templated":true}]}}