{"id":14935,"date":"2023-09-01T15:23:50","date_gmt":"2023-09-01T12:23:50","guid":{"rendered":"https:\/\/akdenizhaber.com.tr\/?p=14935"},"modified":"2023-09-01T15:23:50","modified_gmt":"2023-09-01T12:23:50","slug":"manavgatta-zafer-coskusu","status":"publish","type":"post","link":"https:\/\/akdenizhaber.com.tr\/index.php\/2023\/09\/01\/manavgatta-zafer-coskusu\/","title":{"rendered":"Manavgat\u2019ta Zafer Co\u015fkusu\u00a0"},"content":{"rendered":"\n<p><\/p>\n\n\n\n<p>Manavgat Belediyesi, 30 A\u011fustos Zafer Bayram\u0131\u2019n\u0131n 101\u2019nc\u0130 y\u0131l\u0131n\u0131 Fener Alay\u0131 ve \u0130skender Payda\u015f konseriyle muhte\u015fem bir \u015fekilde kutlad\u0131.<\/p>\n\n\n\n<p>Manavgat Belediyesi, 30 A\u011fustos Zaferinin 101\u2019nci y\u0131l\u0131n\u0131, Fener Alay\u0131 ve \u0130skender Payda\u015f konseriyle kutlad\u0131. Binlerce Manavgatl\u0131, Cumhuriyet Meydan\u0131\u2019nda tek y\u00fcrek olarak topland\u0131ktan sonra ellerinde T\u00fcrk Bayra\u011f\u0131 ve me\u015falelerle Fener Alay\u0131 Y\u00fcr\u00fcy\u00fc\u015f\u00fc ger\u00e7ekle\u015ftirdi. Fener Alay\u0131na Manavgat Belediye Ba\u015fkan\u0131 \u015e\u00fckr\u00fc S\u00f6zen, e\u015fi Hatice S\u00f6zen, k\u0131z\u0131 \u0130rem S\u00f6zen, o\u011flu \u0130brahim S\u00f6zen, CHP Manavgat \u0130l\u00e7e Ba\u015fkan\u0131 Oykun Ba\u015far, \u0130Y\u0130 Parti \u0130l\u00e7e Ba\u015fkan\u0131 H\u00fcseyin Ergen, CHP Antalya Milletvekili Aliye Co\u015far, \u0130Y\u0130 Parti Antalya Milletvekili Aykut Kaya, oda ba\u015fkanlar\u0131, stk temsilcileri, muhtarlar ve binlerce vatanda\u015f kat\u0131ld\u0131. 30 A\u011fustos Zafer Bayram\u0131\u2019n\u0131 b\u00fcy\u00fck bir co\u015fkuyla kutlayan kent halk\u0131, Cumhuriyet Meydan\u0131, Yapay \u015eelale ve \u0130brahim S\u00f6zen Caddesi \u00fczerinden konserin yap\u0131laca\u011f\u0131 alan olan Atat\u00fcrk K\u00fclt\u00fcr Merkezi\u2019ne ula\u015ft\u0131. Ba\u015fkan \u015e\u00fckr\u00fc S\u00f6zen, elinde me\u015fale ve T\u00fcrk Bayra\u011f\u0131 ile y\u00fcr\u00fcrken balkonlardan destek veren halk\u0131 selamlad\u0131.<\/p>\n\n\n\n<p>KENT HALKI \u0130SKENDER PAYDA\u015e\u2019LA CO\u015eTU<\/p>\n\n\n\n<p>Fener Alayl\u0131 y\u00fcr\u00fcy\u00fc\u015f sonras\u0131nda AKM\u2019ye gelen on binlerce Manavgatl\u0131, Manavgat Belediyesi taraf\u0131ndan organize edilen havai fi\u015fek g\u00f6sterilerini b\u00fcy\u00fck bir heyecanla izledi. Havai fi\u015fek g\u00f6sterilerinin ard\u0131ndan muhte\u015fem orkestras\u0131yla sahneye \u00e7\u0131kan \u0130skender Payda\u015fen sevilen \u015fark\u0131lar\u0131n\u0131 Manavgatl\u0131lar i\u00e7in seslendirdi. Kent halk\u0131, konser sonunda \u0130zmir Mar\u015f\u0131 ve 10.Y\u0131l Mar\u015f\u0131n\u0131 okuyan \u0130skender Payda\u015f ve orkestras\u0131na ellerinde T\u00fcrk Bayraklar\u0131yla co\u015fkulu bir \u015fekilde e\u015flik etti. Manavgat Belediye Ba\u015fkan\u0131 \u015e\u00fckr\u00fc S\u00f6zen ve e\u015fi Hatice S\u00f6zen, kent halk\u0131n\u0131n e\u011flencesine ortak olarak \u00e7ocuklarla birlikte oyun oynad\u0131, \u015fark\u0131lar\u0131 hep beraber s\u00f6yledi.<\/p>\n\n\n\n<p>\u201cCUMHUR\u0130YET VE ATAT\u00dcRK DE\u011eERLER\u0130NE SAH\u0130P \u00c7IKACA\u011eIZ\u201d<\/p>\n\n\n\n<p>\u00c7ok de\u011ferli han\u0131mefendiler, beyefendiler, varl\u0131klar\u0131yla onurland\u0131\u011f\u0131m\u0131z b\u00fcy\u00fcklerimiz, g\u00f6zleri \u0131\u015f\u0131l\u0131\u015f\u0131l gen\u00e7lerimiz, \u00e7ocuklar\u0131m\u0131, hepiniz ho\u015f geldiniz.<\/p>\n\n\n\n<p>Sizleri sevgiyle, sayg\u0131yla, selaml\u0131yorum. Bug\u00fcn B\u00fcy\u00fck Zaferimizin 101. y\u0131l\u0131na ula\u015fman\u0131n gururunu, mutlulu\u011funu, heyecan\u0131n\u0131, y\u00fcre\u011fimin en derinliklerinde hissederek sizlere sesleniyorum. 30 A\u011fustos Zaferi, kad\u0131n\u0131yla, erke\u011fiyle, t\u00fcm milletin tek y\u00fcrek, tek bilek olarak yazd\u0131\u011f\u0131, vatan sevgisiyle yanm\u0131\u015f y\u00fcreklerin birle\u015fti\u011fi bir destand\u0131r. Bu bayram, 30 A\u011fustos zaferiyle kazan\u0131lanlar\u0131 korumaya yemin edenlerin bayram\u0131d\u0131r. Biz de Manavgat\u2019\u0131m\u0131n y\u00fcre\u011fi ayd\u0131nl\u0131k, \u00e7a\u011fda\u015f insanlar\u0131yla, Cumhuriyeti ve kazan\u0131mlar\u0131n\u0131 korumaya yemin edenlerdeniz. Bug\u00fcn ellerimizde bayraklar\u0131m\u0131zla, y\u00fcre\u011fimizdeki 100 y\u0131ll\u0131k Cumhuriyet sevdas\u0131yla bir araya gelerek, i\u00e7imizden geldi\u011fi gibi, co\u015fkuyla milli duygular\u0131m\u0131z\u0131 birle\u015ftirdik. Manavgat halk\u0131m\u0131z Atat\u00fcrk\u2019\u00fcn a\u00e7t\u0131\u011f\u0131 bu ayd\u0131nl\u0131k yoldan hi\u00e7bir zaman sapmad\u0131, sapmayacakt\u0131r da. NE MUTLU Y\u00dcREKL\u0130 MANAVGATIMA, \u0130Y\u0130 K\u0130 VARSINIZ. De\u011ferli hem\u015fehrilerim, Ger\u00e7ekten \u00e7ok \u00f6nemli bir g\u00fcn bug\u00fcn. 30 A\u011fustos\u2019ta e\u011fer bu m\u00fccadelemizde ba\u015far\u0131l\u0131 olamasayd\u0131k, \u00f6zg\u00fcrl\u00fc\u011f\u00fcm\u00fcz\u00fc, Cumhuriyetimizi ve gelece\u011fimizi kaybedecektik.<\/p>\n\n\n\n<p>Bu kutlu g\u00fcn\u00fc, \u2018Milletin istiklalini yine milletin azim ve karar\u0131 kurtaracakt\u0131r\u2019 diyerek yola \u00e7\u0131kan Gazi Mustafa Kemal Atat\u00fcrk\u2019e, silah arkada\u015flar\u0131na ve bu topraklar i\u00e7in topra\u011fa d\u00fc\u015fen \u015fehitlerimize bor\u00e7luyuz. BUNU UNUTMAYALIM.30 A\u011fustos B\u00fcy\u00fck zaferini \u201cUNUTMAK\u201d demek vatan\u0131n ba\u011f\u0131ms\u0131zl\u0131\u011f\u0131n\u0131, milletin \u00f6zg\u00fcrl\u00fc\u011f\u00fcn\u00fc, milli onurumuzu, gururumuzu, kahraman \u015fehitlerimizi, VEEE Cumhuriyetimizi unutmak demektir. Hele hele o mavi g\u00f6zl\u00fc DEV\u2026 B\u00dcY\u00dcK ATAT\u00dcRK\u2026&nbsp; O, bu millet i\u00e7in bir MUC\u0130ZED\u0130R.<\/p>\n\n\n\n<p>En zor zamanlar\u0131nda bir milletin imdad\u0131na ko\u015fmu\u015f, esaretten \u00f6zg\u00fcrl\u00fc\u011fe ta\u015f\u0131m\u0131\u015f bir MUC\u0130ZE insand\u0131r O&#8230;T\u00fcrk halk\u0131 olarak bu mucizeyi takdir etmemiz, \u015f\u00fckretmemiz, \u00fczerinde durmam\u0131z gerekir. Ama \u00f6nce kendimiz iyice anlayarak, irdeleyerek \u00f6\u011frenmeliyiz ki, gelecek nesillere do\u011fru anlatal\u0131m.<\/p>\n\n\n\n<p>Evet\u2026 Atat\u00fcrk\u2019e, silah arkada\u015flar\u0131na ve \u015fehitlerimize \u00e7ok \u015fey bor\u00e7luyuz. Bu borcu hepimiz \u00f6demeliyiz. Yapmam\u0131z gerekenler \u00e7ok basit.<\/p>\n\n\n\n<p>\u00d6zg\u00fcrl\u00fc\u011f\u00fcm\u00fcze ve ba\u011f\u0131ms\u0131zl\u0131\u011f\u0131m\u0131za sahip \u00e7\u0131kaca\u011f\u0131z, Cumhuriyete ve demokrasiye sahip \u00e7\u0131kaca\u011f\u0131z, laikli\u011fe ve hukukun \u00fcst\u00fcnl\u00fc\u011f\u00fcne sahip \u00e7\u0131kaca\u011f\u0131z, adalete, e\u015fitli\u011fe ve karde\u015fli\u011fe sahip \u00e7\u0131kaca\u011f\u0131z. \u00c7ok \u00e7al\u0131\u015faca\u011f\u0131z. Birlik ve beraberli\u011fimizi koruyarak \u00fclkemizi gelece\u011fe ta\u015f\u0131yaca\u011f\u0131z.<br>\u201cZor mu bunlar sevgili gen\u00e7ler!&nbsp; Zor mu Cumhuriyet\u2019e, Atat\u00fcrk\u2019e sahip \u00e7\u0131kmak? Zor mu demokrasiye sahip \u00e7\u0131kmak? Adalete, e\u015fitli\u011fe ve karde\u015fli\u011fe sahip \u00e7\u0131kmak zor mu? Zor de\u011fil elbette. Ulu \u00d6nderimiz Atat\u00fcrk \u201cMuhta\u00e7 oldu\u011funuz kudret damarlar\u0131n\u0131zdaki asil kanda mevcuttur\u201d demi\u015f. Herkes bilsin ki, damarlar\u0131m\u0131zda bu kan akt\u0131\u011f\u0131 m\u00fcddet\u00e7e, son nefesimizi verene kadar Atat\u00fcrk ve Cumhuriyet de\u011ferlerimize sahip \u00e7\u0131kmaya devam edece\u011fiz. Manavgat olarak Atat\u00fcrk\u2019e, \u015fehitlerimize ve kadim ge\u00e7mi\u015fimize lay\u0131k bir \u015fekilde ya\u015famak, onlar\u0131n bize b\u0131rakt\u0131\u011f\u0131 en kutsal miras olan bu topraklar\u0131 en g\u00fczel \u015fekilde gelece\u011fe ta\u015f\u0131mak i\u00e7in \u00e7al\u0131\u015f\u0131yoruz. Milli duygular\u0131m\u0131z\u0131, vatan sevgimizi her projemizde, hizmetimizde ve milli bayramlar\u0131m\u0131zda bu topluma hissettirmeye gayret ediyoruz. \u00c7\u00fcnk\u00fc bu \u00fclkenin her bir kar\u0131\u015f topra\u011f\u0131, aziz milletimizin ortak kullan\u0131m\u0131d\u0131r. De\u011ferli hem\u015fehrilerim, bildi\u011finiz gibi, g\u00fczel \u00fclkemiz \u00e7ok zor zamanlardan ge\u00e7iyor. A\u011f\u0131r ekonomik \u015fartlar alt\u0131nda ezilmi\u015f, g\u00fcn\u00fcn\u00fc zor kurtaran bir toplum haline geldik. Bu zor \u015fartlar\u0131, esnaf\u0131ndan, i\u015f\u00e7isine, \u00e7ift\u00e7isinden emeklisine, gencinden ya\u015fl\u0131s\u0131na her kesim en derinden hissediyor. Kira ve yurt paras\u0131n\u0131 \u00f6deyemedi\u011fi i\u00e7in kazand\u0131\u011f\u0131 \u00fcniversiteye gidemeyen gen\u00e7lerimiz, konteyn\u0131rlarda bile ya\u015famaya raz\u0131 olan insanlar\u0131m\u0131z var bu \u00fclkede. Halk\u0131m\u0131z, her yerde bizlere sorunlar\u0131n\u0131 dile getiriyor. Bir \u00e7are istiyor. Biz Manavgat Belediyesi olarak her zaman halk\u0131m\u0131z\u0131n yan\u0131nda olduk, en zor zamanlar\u0131nda yanlar\u0131na ko\u015ftuk. Yang\u0131nda, pandemide, depremde her zaman bir ve beraber olarak zor g\u00fcnleri a\u015fmaya \u00e7al\u0131\u015ft\u0131k. Nerede darda bir vatanda\u015f\u0131m\u0131z varsa, yeti\u015ftik. Ancak ekonomik zorluklar belediyeleri de etkiliyor de\u011ferli hem\u015fehrilerim. Ama biz y\u0131lm\u0131yoruz. B\u00fcy\u00fck yat\u0131r\u0131mlar\u0131m\u0131za devam ederken, halk\u0131m\u0131z\u0131n da yan\u0131nda olmaya devam ediyoruz. Biz, var\u0131m\u0131z\u0131 yo\u011fumuzu hem\u015fehrilerimize hizmete adad\u0131k. S\u0131k\u0131nt\u0131lar ya\u015fasak da g\u00f6rev s\u00fcremizde her zaman \u201cOlmaz\u201d denilen \u015feyler i\u00e7in \u00e7aba sarf ettik. \u201cOldurduk\u201d. Kredi yollar\u0131m\u0131z\u0131 kapad\u0131lar, biz yine de hizmetlerimizi yapt\u0131k. Zorluklara kar\u015f\u0131 diren\u00e7li olmak do\u011fam\u0131zda, yap\u0131m\u0131zda var bizim. Manavgat bizim her \u015feyimiz. Her \u015feye katlan\u0131r\u0131z. \u00c7\u00fcnk\u00fc Ba\u015fka Manavgat yok. Biz her zorlu\u011fun \u00fcstesinden geliriz de Yeter ki, kavga etmeyelim. Ki\u015fisel \u00e7\u0131karlar\u0131m\u0131z\u0131 \u00fclke menfaatlerinin \u00fczerinde tutmayal\u0131m. Yalanla, dedikoduyla, kavgayla, iftirayla, onu bunu karalamayla bir yere varamay\u0131z.&nbsp; De\u011ferli dostlar\u0131m, bizim dile\u011fimiz, B\u0130R olmakt\u0131r. Bizim dile\u011fimiz B\u0130RL\u0130K olmakt\u0131r. \u00d6nce insan olmakt\u0131r. Sevgi ekmektir. Bar\u0131\u015f ekmektir. Halk\u0131n hizmetkar\u0131 olmakt\u0131r. B\u00dcY\u00dcK MANAVGAT OLMAKTIR. ANTALYA OLMAKTIR. T\u00dcRK\u0130YE OLMAKTIR.\u201d dedi. Ba\u015fkan \u015e\u00fckr\u00fc S\u00f6zen konu\u015fmas\u0131n\u0131 yapt\u0131ktan sonra \u201cElif Olmak Mehmet Olmak\u201d adl\u0131 \u015fiiri okudu.<\/p>\n\n\n\n<p>Manavgat Belediyesi \/ B\u00fclten<\/p>\n","protected":false},"excerpt":{"rendered":"<p>Manavgat Belediyesi, 30 A\u011fustos Zafer Bayram\u0131\u2019n\u0131n 101\u2019nc\u0130 y\u0131l\u0131n\u0131 Fener Alay\u0131 ve \u0130skender Payda\u015f konseriyle muhte\u015fem bir \u015fekilde kutlad\u0131. Manavgat Belediyesi, 30 A\u011fustos Zaferinin 101\u2019nci y\u0131l\u0131n\u0131, <a href=\"https:\/\/akdenizhaber.com.tr\/index.php\/2023\/09\/01\/manavgatta-zafer-coskusu\/\" class=\"read-more-link\">[more&#8230;]<\/a><\/p>\n","protected":false},"author":1,"featured_media":14936,"comment_status":"open","ping_status":"open","sticky":false,"template":"","format":"standard","meta":{"footnotes":""},"categories":[2],"tags":[],"class_list":["post-14935","post","type-post","status-publish","format-standard","has-post-thumbnail","hentry","category-gundem"],"_links":{"self":[{"href":"https:\/\/akdenizhaber.com.tr\/index.php\/wp-json\/wp\/v2\/posts\/14935","targetHints":{"allow":["GET"]}}],"collection":[{"href":"https:\/\/akdenizhaber.com.tr\/index.php\/wp-json\/wp\/v2\/posts"}],"about":[{"href":"https:\/\/akdenizhaber.com.tr\/index.php\/wp-json\/wp\/v2\/types\/post"}],"author":[{"embeddable":true,"href":"https:\/\/akdenizhaber.com.tr\/index.php\/wp-json\/wp\/v2\/users\/1"}],"replies":[{"embeddable":true,"href":"https:\/\/akdenizhaber.com.tr\/index.php\/wp-json\/wp\/v2\/comments?post=14935"}],"version-history":[{"count":0,"href":"https:\/\/akdenizhaber.com.tr\/index.php\/wp-json\/wp\/v2\/posts\/14935\/revisions"}],"wp:featuredmedia":[{"embeddable":true,"href":"https:\/\/akdenizhaber.com.tr\/index.php\/wp-json\/"}],"wp:attachment":[{"href":"https:\/\/akdenizhaber.com.tr\/index.php\/wp-json\/wp\/v2\/media?parent=14935"}],"wp:term":[{"taxonomy":"category","embeddable":true,"href":"https:\/\/akdenizhaber.com.tr\/index.php\/wp-json\/wp\/v2\/categories?post=14935"},{"taxonomy":"post_tag","embeddable":true,"href":"https:\/\/akdenizhaber.com.tr\/index.php\/wp-json\/wp\/v2\/tags?post=14935"}],"curies":[{"name":"wp","href":"https:\/\/api.w.org\/{rel}","templated":true}]}}